{"id":6755,"date":"2021-02-23T10:00:00","date_gmt":"2021-02-23T13:00:00","guid":{"rendered":"https:\/\/acrj.org.br\/?p=6755"},"modified":"2021-02-23T08:56:57","modified_gmt":"2021-02-23T11:56:57","slug":"barra-de-guaratiba-paraiso-de-praias-selvagens-e-sem-aglomeracao","status":"publish","type":"post","link":"https:\/\/acrj.org.br\/index.php\/2021\/02\/23\/barra-de-guaratiba-paraiso-de-praias-selvagens-e-sem-aglomeracao\/","title":{"rendered":"Barra de Guaratiba: para\u00edso de praias selvagens e sem aglomera\u00e7\u00e3o"},"content":{"rendered":"\n<p>Quando ouvimos o nome do bairro vem logo a mente os famosos restaurantes de frutos do mar do Bira, Tia Palmira e Tia Penha. Mas Barra de Guaratiba esconde lugares encantadores e pouco explorados, inclusive, por moradores da cidade. Quem ama o contato direto com a natureza vale fazer um circuito de cinco prainhas, somente acess\u00edveis por barco ou trilhas no litoral de Barra de Guaratiba. A Praia do Inferno tem 200km de extens\u00e3o, pared\u00f5es de pedras, mar agitado e aus\u00eancia de \u00e1rvores. Ao lado, fica a Praia Funda, com 300 metros de comprimento e sua Pedra da Lua, rocha com v\u00e1rias crateras. A Praia do Meio fica a 500 metros de dist\u00e2ncia vizinha. A Praia do Perigoso tem uma atra\u00e7\u00e3o \u00e0 parte, que \u00e9 a vis\u00e3o de um \u00e2ngulo privilegiado da Pedra da G\u00e1vea. A Praia dos B\u00fazios \u00e9 a menor de todas e assim como as outras t\u00eam \u00e1guas azuis e cristalinas. Mais uma bela dica do Almanaque Carioquice. <a href=\"https:\/\/almanaquecarioquice.com.br\/pdf\/2021.pdf\">Acesse aqui<\/a> <\/p>\n\n\n\n<p><strong>Foto: Divulga\u00e7\u00e3o \/ICCA<\/strong><\/p>\n","protected":false},"excerpt":{"rendered":"<p>Quando ouvimos o nome do bairro vem logo a mente os famosos restaurantes de frutos do mar do Bira, Tia Palmira e Tia Penha. Mas&hellip;<\/p>\n","protected":false},"author":1,"featured_media":6756,"comment_status":"closed","ping_status":"closed","sticky":false,"template":"","format":"standard","meta":{"_exactmetrics_skip_tracking":false,"_exactmetrics_sitenote_active":false,"_exactmetrics_sitenote_note":"","_exactmetrics_sitenote_category":0,"footnotes":""},"categories":[6],"tags":[],"class_list":["post-6755","post","type-post","status-publish","format-standard","has-post-thumbnail","hentry","category-destaque_noticias"],"_links":{"self":[{"href":"https:\/\/acrj.org.br\/index.php\/wp-json\/wp\/v2\/posts\/6755","targetHints":{"allow":["GET"]}}],"collection":[{"href":"https:\/\/acrj.org.br\/index.php\/wp-json\/wp\/v2\/posts"}],"about":[{"href":"https:\/\/acrj.org.br\/index.php\/wp-json\/wp\/v2\/types\/post"}],"author":[{"embeddable":true,"href":"https:\/\/acrj.org.br\/index.php\/wp-json\/wp\/v2\/users\/1"}],"replies":[{"embeddable":true,"href":"https:\/\/acrj.org.br\/index.php\/wp-json\/wp\/v2\/comments?post=6755"}],"version-history":[{"count":0,"href":"https:\/\/acrj.org.br\/index.php\/wp-json\/wp\/v2\/posts\/6755\/revisions"}],"wp:featuredmedia":[{"embeddable":true,"href":"https:\/\/acrj.org.br\/index.php\/wp-json\/wp\/v2\/media\/6756"}],"wp:attachment":[{"href":"https:\/\/acrj.org.br\/index.php\/wp-json\/wp\/v2\/media?parent=6755"}],"wp:term":[{"taxonomy":"category","embeddable":true,"href":"https:\/\/acrj.org.br\/index.php\/wp-json\/wp\/v2\/categories?post=6755"},{"taxonomy":"post_tag","embeddable":true,"href":"https:\/\/acrj.org.br\/index.php\/wp-json\/wp\/v2\/tags?post=6755"}],"curies":[{"name":"wp","href":"https:\/\/api.w.org\/{rel}","templated":true}]}}