{"id":6615,"date":"2021-01-22T10:28:44","date_gmt":"2021-01-22T13:28:44","guid":{"rendered":"https:\/\/acrj.org.br\/?p=6615"},"modified":"2021-01-28T10:43:36","modified_gmt":"2021-01-28T13:43:36","slug":"inscricoes-para-1a-exposicao-textil-virtual-internacional-estao-abertas","status":"publish","type":"post","link":"https:\/\/acrj.org.br\/index.php\/2021\/01\/22\/inscricoes-para-1a-exposicao-textil-virtual-internacional-estao-abertas\/","title":{"rendered":"Inscri\u00e7\u00f5es para 1\u00aa Exposi\u00e7\u00e3o T\u00eaxtil Virtual Internacional est\u00e3o abertas"},"content":{"rendered":"\n<p>A ACRJ divulga aos interessados a 1\u00aa Exposi\u00e7\u00e3o T\u00eaxtil Virtual Internacional, organizada pela Autoridade de Desenvolvimento Comercial do Paquist\u00e3o (TDAP), que acontecer\u00e1 entre os dias 1 e 5 de fevereiro. O principal objetivo do evento \u00e9 apresentar os produtos t\u00eaxteis do pa\u00eds, conhecidos pela diversidade e qualidade, para compradores internacionais.<\/p>\n\n\n\n<p>A inscri\u00e7\u00e3o pode ser feita atrav\u00e9s deste <a href=\"https:\/\/virtualtexpo.vfairsworld.com\/visitor\/register?invitation_token=dc9bb19b460cbd4d10e8bebfbc46262c\">link<\/a>.<\/p>\n","protected":false},"excerpt":{"rendered":"<p>A ACRJ divulga aos interessados a 1\u00aa Exposi\u00e7\u00e3o T\u00eaxtil Virtual Internacional, organizada pela Autoridade de Desenvolvimento Comercial do Paquist\u00e3o (TDAP), que acontecer\u00e1 entre os dias&hellip;<\/p>\n","protected":false},"author":3,"featured_media":6616,"comment_status":"closed","ping_status":"closed","sticky":false,"template":"","format":"standard","meta":{"_exactmetrics_skip_tracking":false,"_exactmetrics_sitenote_active":false,"_exactmetrics_sitenote_note":"","_exactmetrics_sitenote_category":0,"footnotes":""},"categories":[10],"tags":[],"class_list":["post-6615","post","type-post","status-publish","format-standard","has-post-thumbnail","hentry","category-noticias"],"_links":{"self":[{"href":"https:\/\/acrj.org.br\/index.php\/wp-json\/wp\/v2\/posts\/6615","targetHints":{"allow":["GET"]}}],"collection":[{"href":"https:\/\/acrj.org.br\/index.php\/wp-json\/wp\/v2\/posts"}],"about":[{"href":"https:\/\/acrj.org.br\/index.php\/wp-json\/wp\/v2\/types\/post"}],"author":[{"embeddable":true,"href":"https:\/\/acrj.org.br\/index.php\/wp-json\/wp\/v2\/users\/3"}],"replies":[{"embeddable":true,"href":"https:\/\/acrj.org.br\/index.php\/wp-json\/wp\/v2\/comments?post=6615"}],"version-history":[{"count":0,"href":"https:\/\/acrj.org.br\/index.php\/wp-json\/wp\/v2\/posts\/6615\/revisions"}],"wp:featuredmedia":[{"embeddable":true,"href":"https:\/\/acrj.org.br\/index.php\/wp-json\/wp\/v2\/media\/6616"}],"wp:attachment":[{"href":"https:\/\/acrj.org.br\/index.php\/wp-json\/wp\/v2\/media?parent=6615"}],"wp:term":[{"taxonomy":"category","embeddable":true,"href":"https:\/\/acrj.org.br\/index.php\/wp-json\/wp\/v2\/categories?post=6615"},{"taxonomy":"post_tag","embeddable":true,"href":"https:\/\/acrj.org.br\/index.php\/wp-json\/wp\/v2\/tags?post=6615"}],"curies":[{"name":"wp","href":"https:\/\/api.w.org\/{rel}","templated":true}]}}