{"id":6610,"date":"2021-01-22T09:10:29","date_gmt":"2021-01-22T12:10:29","guid":{"rendered":"https:\/\/acrj.org.br\/?p=6610"},"modified":"2021-01-28T10:43:36","modified_gmt":"2021-01-28T13:43:36","slug":"participe-do-congresso-de-compliance-para-pequenas-e-medias-empresas","status":"publish","type":"post","link":"https:\/\/acrj.org.br\/index.php\/2021\/01\/22\/participe-do-congresso-de-compliance-para-pequenas-e-medias-empresas\/","title":{"rendered":"Participe do Congresso de Compliance para Pequenas e M\u00e9dias Empresas"},"content":{"rendered":"\n<p>Com apoio da ACRJ, o 1\u00ba Congresso de Compliance para Pequenas e M\u00e9dias Empresas acontece de forma virtual entre os dias 25 e 29 de janeiro. O evento vai contar com a participa\u00e7\u00e3o do presidente do Conselho Empresarial de Governan\u00e7a e Compliance da ACRJ, Humberto Mota Filho e ser\u00e1 realizado pelo CompliancePME, atrav\u00e9s da plataforma Zoom.<\/p>\n\n\n\n<p>Associados da ACRJ tem 10% de desconto na inscri\u00e7\u00e3o, utilizando o cupom ACRJ10.<\/p>\n\n\n\n<p>Inscreva-se neste <a href=\"https:\/\/www.compliancepme.com.br\/1-congresso-de-compliance-para-pequenas-e-medias-empresas\">link<\/a>.<\/p>\n","protected":false},"excerpt":{"rendered":"<p>Com apoio da ACRJ, o 1\u00ba Congresso de Compliance para Pequenas e M\u00e9dias Empresas acontece de forma virtual entre os dias 25 e 29 de&hellip;<\/p>\n","protected":false},"author":3,"featured_media":6613,"comment_status":"closed","ping_status":"closed","sticky":false,"template":"","format":"standard","meta":{"_exactmetrics_skip_tracking":false,"_exactmetrics_sitenote_active":false,"_exactmetrics_sitenote_note":"","_exactmetrics_sitenote_category":0,"footnotes":""},"categories":[10],"tags":[],"class_list":["post-6610","post","type-post","status-publish","format-standard","has-post-thumbnail","hentry","category-noticias"],"_links":{"self":[{"href":"https:\/\/acrj.org.br\/index.php\/wp-json\/wp\/v2\/posts\/6610","targetHints":{"allow":["GET"]}}],"collection":[{"href":"https:\/\/acrj.org.br\/index.php\/wp-json\/wp\/v2\/posts"}],"about":[{"href":"https:\/\/acrj.org.br\/index.php\/wp-json\/wp\/v2\/types\/post"}],"author":[{"embeddable":true,"href":"https:\/\/acrj.org.br\/index.php\/wp-json\/wp\/v2\/users\/3"}],"replies":[{"embeddable":true,"href":"https:\/\/acrj.org.br\/index.php\/wp-json\/wp\/v2\/comments?post=6610"}],"version-history":[{"count":0,"href":"https:\/\/acrj.org.br\/index.php\/wp-json\/wp\/v2\/posts\/6610\/revisions"}],"wp:featuredmedia":[{"embeddable":true,"href":"https:\/\/acrj.org.br\/index.php\/wp-json\/wp\/v2\/media\/6613"}],"wp:attachment":[{"href":"https:\/\/acrj.org.br\/index.php\/wp-json\/wp\/v2\/media?parent=6610"}],"wp:term":[{"taxonomy":"category","embeddable":true,"href":"https:\/\/acrj.org.br\/index.php\/wp-json\/wp\/v2\/categories?post=6610"},{"taxonomy":"post_tag","embeddable":true,"href":"https:\/\/acrj.org.br\/index.php\/wp-json\/wp\/v2\/tags?post=6610"}],"curies":[{"name":"wp","href":"https:\/\/api.w.org\/{rel}","templated":true}]}}