{"id":6574,"date":"2020-12-18T11:21:24","date_gmt":"2020-12-18T14:21:24","guid":{"rendered":"https:\/\/acrj.org.br\/?p=6574"},"modified":"2021-01-28T10:43:36","modified_gmt":"2021-01-28T13:43:36","slug":"a-hora-da-concessao","status":"publish","type":"post","link":"https:\/\/acrj.org.br\/index.php\/2020\/12\/18\/a-hora-da-concessao\/","title":{"rendered":"A hora da Concess\u00e3o"},"content":{"rendered":"\n<p>A presidente da Associa\u00e7\u00e3o Comercial do Rio de Janeiro, Angela Costa, enviou carta ao governador em exerc\u00edcio, Cl\u00e1udio Castro, para expressar o integral apoio da ACRJ \u00e0 decis\u00e3o do Conselho de Administra\u00e7\u00e3o da CEDAE, que deu sinal verde ao leil\u00e3o dos servi\u00e7os de \u00e1gua e esgoto da estatal, seguindo a modelagem elaborada pelo BNDES. Segundo Angela Costa, &#8220;o regime de concess\u00e3o da CEDAE vem em boa hora e merece aplausos da ACRJ e de todos os que acreditam no futuro do Rio de Janeiro&#8221;.<\/p>\n\n\n\n<p>Segue a \u00edntegra da carta:<\/p>\n\n\n\n<p><strong>A HORA DA CONCESS\u00c3O<\/strong><\/p>\n\n\n\n<p>A Associa\u00e7\u00e3o Comercial do Rio de Janeiro vem a p\u00fablico expressar seu integral apoio \u00e0 decis\u00e3o do Conselho de Administra\u00e7\u00e3o da CEDAE que deu sinal verde ao leil\u00e3o dos servi\u00e7os de \u00e1gua e esgoto da estatal, seguindo a modelagem elaborada pelo BNDES. Agora s\u00f3 falta a confirma\u00e7\u00e3o do projeto pelo \u00f3rg\u00e3o que re\u00fane os munic\u00edpios da Regi\u00e3o Metropolitana do Rio.<\/p>\n\n\n\n<p>Item obrigat\u00f3rio do Regime de Recupera\u00e7\u00e3o Fiscal (RRF) do Estado do Rio de Janeiro, a concess\u00e3o dos servi\u00e7os da CEDAE \u00e9 essencial para a qualidade de vida da popula\u00e7\u00e3o de nosso estado. O objetivo do projeto \u00e9 a universaliza\u00e7\u00e3o de \u00e1gua e do esgotamento sanit\u00e1rio, com destaque para redu\u00e7\u00e3o de lan\u00e7amento de esgoto na Ba\u00eda de Guanabara e bacia do Guandu. A CEDAE continuar\u00e1 respons\u00e1vel pela capta\u00e7\u00e3o e pelo tratamento da \u00e1gua.<\/p>\n\n\n\n<p>S\u00e3o previstos investimentos de R$ 33,5 bilh\u00f5es em 35 anos, sendo R$ 11,9 bilh\u00f5es para \u00e1gua e R$ 21,6 bilh\u00f5es para esgoto. Al\u00e9m de contemplar todos os munic\u00edpios, o projeto vai gerar 28 mil empregos e dar\u00e1 aten\u00e7\u00e3o especial aos problemas hist\u00f3ricos de saneamento. Tamb\u00e9m h\u00e1 a previs\u00e3o de se investir R$ 1,8 bilh\u00e3o, no m\u00ednimo, na amplia\u00e7\u00e3o do sistema de abastecimento de \u00e1gua e esgotamento sanit\u00e1rios de \u00e1reas hoje n\u00e3o atendidas.<\/p>\n\n\n\n<p>A ACRJ destaca ainda que, de acordo com o BNDES, n\u00e3o haver\u00e1 aumento tarif\u00e1rio acima da infla\u00e7\u00e3o por todo o tempo da concess\u00e3o da CEDAE. Ser\u00e1 garantida a tarifa social. A experi\u00eancia mostra que o modelo de concess\u00e3o agrega aumento de produtividade, redu\u00e7\u00e3o de custos operacionais e melhoria da base de arrecada\u00e7\u00e3o. A nova empresa ser\u00e1 mais eficiente, vai faturar mais e, assim, conseguir\u00e1 gerar o volume necess\u00e1rio de investimentos com a mesma tarifa.<\/p>\n\n\n\n<p>O regime de concess\u00e3o da CEDAE vem em boa hora e merece aplausos da ACRJ e de todos os que acreditam no futuro do Rio de Janeiro!<\/p>\n\n\n\n<p><strong>Angela Costa<\/strong> <\/p>\n\n\n\n<p>Presidente<\/p>\n\n\n\n<p><\/p>\n","protected":false},"excerpt":{"rendered":"<p>A presidente da Associa\u00e7\u00e3o Comercial do Rio de Janeiro, Angela Costa, enviou carta ao governador em exerc\u00edcio, Cl\u00e1udio Castro, para expressar o integral apoio da&hellip;<\/p>\n","protected":false},"author":3,"featured_media":6576,"comment_status":"closed","ping_status":"closed","sticky":false,"template":"","format":"standard","meta":{"_exactmetrics_skip_tracking":false,"_exactmetrics_sitenote_active":false,"_exactmetrics_sitenote_note":"","_exactmetrics_sitenote_category":0,"footnotes":""},"categories":[10],"tags":[],"class_list":["post-6574","post","type-post","status-publish","format-standard","has-post-thumbnail","hentry","category-noticias"],"_links":{"self":[{"href":"https:\/\/acrj.org.br\/index.php\/wp-json\/wp\/v2\/posts\/6574","targetHints":{"allow":["GET"]}}],"collection":[{"href":"https:\/\/acrj.org.br\/index.php\/wp-json\/wp\/v2\/posts"}],"about":[{"href":"https:\/\/acrj.org.br\/index.php\/wp-json\/wp\/v2\/types\/post"}],"author":[{"embeddable":true,"href":"https:\/\/acrj.org.br\/index.php\/wp-json\/wp\/v2\/users\/3"}],"replies":[{"embeddable":true,"href":"https:\/\/acrj.org.br\/index.php\/wp-json\/wp\/v2\/comments?post=6574"}],"version-history":[{"count":0,"href":"https:\/\/acrj.org.br\/index.php\/wp-json\/wp\/v2\/posts\/6574\/revisions"}],"wp:featuredmedia":[{"embeddable":true,"href":"https:\/\/acrj.org.br\/index.php\/wp-json\/wp\/v2\/media\/6576"}],"wp:attachment":[{"href":"https:\/\/acrj.org.br\/index.php\/wp-json\/wp\/v2\/media?parent=6574"}],"wp:term":[{"taxonomy":"category","embeddable":true,"href":"https:\/\/acrj.org.br\/index.php\/wp-json\/wp\/v2\/categories?post=6574"},{"taxonomy":"post_tag","embeddable":true,"href":"https:\/\/acrj.org.br\/index.php\/wp-json\/wp\/v2\/tags?post=6574"}],"curies":[{"name":"wp","href":"https:\/\/api.w.org\/{rel}","templated":true}]}}