{"id":6570,"date":"2020-12-18T09:18:49","date_gmt":"2020-12-18T12:18:49","guid":{"rendered":"https:\/\/acrj.org.br\/?p=6570"},"modified":"2021-01-28T10:43:36","modified_gmt":"2021-01-28T13:43:36","slug":"retomada-da-economia-pode-recuar-com-nova-onda-da-covid-19","status":"publish","type":"post","link":"https:\/\/acrj.org.br\/index.php\/2020\/12\/18\/retomada-da-economia-pode-recuar-com-nova-onda-da-covid-19\/","title":{"rendered":"Retomada da economia pode recuar com nova onda da Covid-19"},"content":{"rendered":"\n<p>O presidente do Conselho Empresarial de Pol\u00edticas Econ\u00f4micas da ACRJ, embaixador Marc\u00edlio Marques Moreira, prev\u00ea que a recupera\u00e7\u00e3o econ\u00f4mica tende a recuar com o crescimento dos casos na pandemia. &#8220;A situa\u00e7\u00e3o hoje da economia mundial e da conjuntura econ\u00f4mica e pol\u00edtica n\u00e3o \u00e9 f\u00e1cil de aferir. O mais preocupante \u00e9 a nova onda da Covid que est\u00e1 atingindo o mundo e que pode estancar por um tempo a retomada da economia&#8221;, afirmou durante a \u00faltima reuni\u00e3o virtual do Conselho, em 2020, ocorrida no dia 16 de dezembro.<\/p>\n\n\n\n<p>Marc\u00edlio Marques Moreira ressaltou a import\u00e2ncia da extens\u00e3o do aux\u00edlio emergencial. &#8220;Ser\u00e1 necess\u00e1rio. N\u00e3o sei ainda como apresentar\u00e3o isso sem quebrar o teto de gastos. Se realmente for caracterizada uma nova onda, \u00e9 importante o benef\u00edcio e colher essa li\u00e7\u00e3o da pandemia de que esse grupo desprivilegiado merece uma prote\u00e7\u00e3o melhor&#8221;, defendeu. O embaixador disse ainda que os maiores riscos para o Brasil s\u00e3o as crises sanit\u00e1ria e pol\u00edtica.<\/p>\n\n\n\n<p>Para os conselheiros, a queda da economia brasileira, conforme a expectativa do mercado, est\u00e1 subestimada e deve ser maior que os 4,4% ou 4,5%. Segundo eles, o recuo econ\u00f4mico, no entanto, tende a n\u00e3o ultrapassar os 5%. Em rela\u00e7\u00e3o aos \u00edndices de Confian\u00e7a Empresarial (ICE) e do Consumidor (ICC), ambos apresentaram queda que de 1,7 ponto e 4,1 respectivamente, de acordo com a Funda\u00e7\u00e3o Get\u00falio Vargas. Enquanto o \u00cdndice da Incerteza aumentou no Brasil. &#8220;A vacina \u00e9 a maneira mais barata de reanimar a economia&#8221;, destacou o embaixador.<\/p>\n\n\n\n<p>Os conselheiros avaliaram que a formaliza\u00e7\u00e3o da elei\u00e7\u00e3o de Joe Biden, na presid\u00eancia dos Estados Unidos, e a chegada da vacina contra o coronav\u00edrus reduziram os riscos globais no cen\u00e1rio de incertezas da economia mundial. No que diz respeito a vacina\u00e7\u00e3o, eles comentaram que \u00e9 um fen\u00f4meno importante e que gerou expectativa de que o mundo voltar\u00e1 ao normal no 2\u00ba semestre de 2021.<\/p>\n","protected":false},"excerpt":{"rendered":"<p>O presidente do Conselho Empresarial de Pol\u00edticas Econ\u00f4micas da ACRJ, embaixador Marc\u00edlio Marques Moreira, prev\u00ea que a recupera\u00e7\u00e3o econ\u00f4mica tende a recuar com o crescimento&hellip;<\/p>\n","protected":false},"author":3,"featured_media":6571,"comment_status":"closed","ping_status":"closed","sticky":false,"template":"","format":"standard","meta":{"_exactmetrics_skip_tracking":false,"_exactmetrics_sitenote_active":false,"_exactmetrics_sitenote_note":"","_exactmetrics_sitenote_category":0,"footnotes":""},"categories":[10],"tags":[],"class_list":["post-6570","post","type-post","status-publish","format-standard","has-post-thumbnail","hentry","category-noticias"],"_links":{"self":[{"href":"https:\/\/acrj.org.br\/index.php\/wp-json\/wp\/v2\/posts\/6570","targetHints":{"allow":["GET"]}}],"collection":[{"href":"https:\/\/acrj.org.br\/index.php\/wp-json\/wp\/v2\/posts"}],"about":[{"href":"https:\/\/acrj.org.br\/index.php\/wp-json\/wp\/v2\/types\/post"}],"author":[{"embeddable":true,"href":"https:\/\/acrj.org.br\/index.php\/wp-json\/wp\/v2\/users\/3"}],"replies":[{"embeddable":true,"href":"https:\/\/acrj.org.br\/index.php\/wp-json\/wp\/v2\/comments?post=6570"}],"version-history":[{"count":0,"href":"https:\/\/acrj.org.br\/index.php\/wp-json\/wp\/v2\/posts\/6570\/revisions"}],"wp:featuredmedia":[{"embeddable":true,"href":"https:\/\/acrj.org.br\/index.php\/wp-json\/wp\/v2\/media\/6571"}],"wp:attachment":[{"href":"https:\/\/acrj.org.br\/index.php\/wp-json\/wp\/v2\/media?parent=6570"}],"wp:term":[{"taxonomy":"category","embeddable":true,"href":"https:\/\/acrj.org.br\/index.php\/wp-json\/wp\/v2\/categories?post=6570"},{"taxonomy":"post_tag","embeddable":true,"href":"https:\/\/acrj.org.br\/index.php\/wp-json\/wp\/v2\/tags?post=6570"}],"curies":[{"name":"wp","href":"https:\/\/api.w.org\/{rel}","templated":true}]}}