{"id":6548,"date":"2020-12-16T11:38:54","date_gmt":"2020-12-16T14:38:54","guid":{"rendered":"https:\/\/acrj.org.br\/?p=6548"},"modified":"2021-01-28T10:43:37","modified_gmt":"2021-01-28T13:43:37","slug":"projeto-revitaliza-rio-propoe-recuperar-importantes-locais-publicos-da-cidade","status":"publish","type":"post","link":"https:\/\/acrj.org.br\/index.php\/2020\/12\/16\/projeto-revitaliza-rio-propoe-recuperar-importantes-locais-publicos-da-cidade\/","title":{"rendered":"Projeto Revitaliza Rio prop\u00f5e recuperar locais p\u00fablicos"},"content":{"rendered":"\n<p>Mesmo com as dificuldades impostas durante o ano, o&nbsp;Projeto Revitaliza Rio,&nbsp;que visa recuperar espa\u00e7os p\u00fablicos da cidade que foram alvo de degrada\u00e7\u00e3o ao longo dos anos,&nbsp;restaurou&nbsp;tradicionais parques cariocas, por meio do trabalho de suas coordenadoras Renata Lima e Luciana Levacov. Elas participaram no dia 9 de dezembro da reuni\u00e3o virtual do Conselho Empresarial de Assuntos Culturais da ACRJ, presidido por Vera Tostes.<\/p>\n\n\n\n<p>&#8220;Identificamos&nbsp;locais na cidade que precisam de interven\u00e7\u00e3o, onde o poder p\u00fablico n\u00e3o consegue chegar, por falta de recursos, por exemplo. O Revitaliza est\u00e1 aqui para criar conex\u00f5es com o poder p\u00fablico e buscar recursos junto \u00e0 iniciativa privada&#8221;, explicou Renata Lima. Em 2020, o projeto recuperou o Parque da Catacumba e o port\u00e3o do Parque Guinle.<\/p>\n\n\n\n<p>&#8220;Estamos entregando o Parque da Catacumba renovado, com 32 estruturas art\u00edsticas&nbsp;restauradas. Reformamos a sede, que \u00e9 um projeto arquitet\u00f4nico modernista premiado. Essa sede \u00e9 usada por um grupo de idosos para aulas de ioga.&#8221; De acordo com Renata Lima, foram instaladas novas placas marcando trilhas de caminhada com identifica\u00e7\u00e3o de fauna e flora.<\/p>\n\n\n\n<p>J\u00e1 o port\u00e3o do Parque Guinle foi inteiramente&nbsp;recuperado. &#8220;Cada ornamento foi retirado e limpo, alguns foram roubados, mas foram refeitos&nbsp;por meio de impressora 3D. O espa\u00e7o vai ser entregue&nbsp;este m\u00eas&#8221;, acrescentou.<\/p>\n\n\n\n<p>Luciana Levacov deu detalhes de como a iniciativa foi realizada. &#8220;Elencamos esses dois espa\u00e7os e fizemos um&nbsp;projeto&nbsp;bem estruturado, apresentamos para o setor p\u00fablico que aprovou. A iniciativa privada abra\u00e7ou a ideia. As empresas est\u00e3o comprometidas com o resgate da cultura e do meio ambiente.&#8221;<\/p>\n\n\n\n<p>Membro do&nbsp;Conselho de Assuntos Culturais, a curadora Vanda Klabin participou do&nbsp;planejamento&nbsp;na parte de pesquisa, para identificar e restaurar as esculturas. &#8220;O projeto n\u00e3o recupera s\u00f3 o patrim\u00f4nio art\u00edstico e cultura, mas tamb\u00e9m a arte urbana do cen\u00e1rio carioca. S\u00e3o lugares privilegiados, abertos ao p\u00fablico. Depois de ficarem&nbsp;desgastadas com o decorrer dos anos,&nbsp;ser\u00e3o entregues ao p\u00fablico novamente&#8221;, disse a conselheira.<\/p>\n\n\n\n<p>Para 2021, o Revitaliza Rio j\u00e1 tem iniciativas no horizonte, como um projeto de arte e educa\u00e7\u00e3o itinerante. A partir de maio, um caminh\u00e3o com temas de meio ambiente e ci\u00eancia deve circular pela cidade levando acervo de obras de arte interativa e sensoriais. Al\u00e9m disso, j\u00e1 existem conversas para revitaliza\u00e7\u00e3o de \u00e1reas do Centro do Rio. &#8220;Em 2022, com o bicenten\u00e1rio da Independ\u00eancia, a ideia \u00e9 j\u00e1 estar realizando esses projetos. Estamos abertas para novas propostas e ideias&#8221;, concluiu Luciana.<\/p>\n","protected":false},"excerpt":{"rendered":"<p>Mesmo com as dificuldades impostas durante o ano, o&nbsp;Projeto Revitaliza Rio,&nbsp;que visa recuperar espa\u00e7os p\u00fablicos da cidade que foram alvo de degrada\u00e7\u00e3o ao longo dos&hellip;<\/p>\n","protected":false},"author":3,"featured_media":6549,"comment_status":"closed","ping_status":"closed","sticky":false,"template":"","format":"standard","meta":{"_exactmetrics_skip_tracking":false,"_exactmetrics_sitenote_active":false,"_exactmetrics_sitenote_note":"","_exactmetrics_sitenote_category":0,"footnotes":""},"categories":[10],"tags":[],"class_list":["post-6548","post","type-post","status-publish","format-standard","has-post-thumbnail","hentry","category-noticias"],"_links":{"self":[{"href":"https:\/\/acrj.org.br\/index.php\/wp-json\/wp\/v2\/posts\/6548","targetHints":{"allow":["GET"]}}],"collection":[{"href":"https:\/\/acrj.org.br\/index.php\/wp-json\/wp\/v2\/posts"}],"about":[{"href":"https:\/\/acrj.org.br\/index.php\/wp-json\/wp\/v2\/types\/post"}],"author":[{"embeddable":true,"href":"https:\/\/acrj.org.br\/index.php\/wp-json\/wp\/v2\/users\/3"}],"replies":[{"embeddable":true,"href":"https:\/\/acrj.org.br\/index.php\/wp-json\/wp\/v2\/comments?post=6548"}],"version-history":[{"count":0,"href":"https:\/\/acrj.org.br\/index.php\/wp-json\/wp\/v2\/posts\/6548\/revisions"}],"wp:featuredmedia":[{"embeddable":true,"href":"https:\/\/acrj.org.br\/index.php\/wp-json\/wp\/v2\/media\/6549"}],"wp:attachment":[{"href":"https:\/\/acrj.org.br\/index.php\/wp-json\/wp\/v2\/media?parent=6548"}],"wp:term":[{"taxonomy":"category","embeddable":true,"href":"https:\/\/acrj.org.br\/index.php\/wp-json\/wp\/v2\/categories?post=6548"},{"taxonomy":"post_tag","embeddable":true,"href":"https:\/\/acrj.org.br\/index.php\/wp-json\/wp\/v2\/tags?post=6548"}],"curies":[{"name":"wp","href":"https:\/\/api.w.org\/{rel}","templated":true}]}}