{"id":6531,"date":"2021-01-19T10:19:00","date_gmt":"2021-01-19T13:19:00","guid":{"rendered":"https:\/\/acrj.org.br\/?p=6531"},"modified":"2021-01-28T10:43:36","modified_gmt":"2021-01-28T13:43:36","slug":"presidente-angela-costa-faz-balanco-das-atividades-de-2020","status":"publish","type":"post","link":"https:\/\/acrj.org.br\/index.php\/2021\/01\/19\/presidente-angela-costa-faz-balanco-das-atividades-de-2020\/","title":{"rendered":"Presidente Angela Costa faz balan\u00e7o das atividades de 2020"},"content":{"rendered":"\n<p>A presidente Angela Costa apresentou \u00e0 diretoria e aos presidentes dos Conselhos Empresariais, e outros membros da ACRJ, as realiza\u00e7\u00f5es e atividades deste ano. O encontro foi realizado de forma virtual, dia 15 de dezembro. &#8220;Este ano foi muito dif\u00edcil para todos n\u00f3s, no entanto, nossos Conselhos foram incans\u00e1veis&#8221;, destacou, celebrando o trabalho realizado pela Casa de Mau\u00e1 mesmo durante a pandemia. Estiveram presentes cerca de 100 pessoas ao evento virtual de apresenta\u00e7\u00e3o das atividades de 2020.<\/p>\n\n\n\n<p>Angela Costa destacou os eventos presenciais realizados pela ACRJ at\u00e9 mar\u00e7o, como o Almo\u00e7o do Empres\u00e1rio com o presidente da C\u00e2mara, Rodrigo Maia, e a assinatura do conv\u00eanio da Campanha Vem Que D\u00e1, uma iniciativa em parceria com o BB respons\u00e1vel por renegociar R$ 185 milh\u00f5es em d\u00edvidas. 7.100 empresas de todo o estado foram beneficiadas pela a\u00e7\u00e3o. A iniciativa ainda contou com o apoio da Fecomercio RJ e o Sebrae Rio.<\/p>\n\n\n\n<p><strong>Atividades n\u00e3o pararam<\/strong><\/p>\n\n\n\n<p>Apesar da pandemia, a ACRJ n\u00e3o parou de funcionar durante todo o ano. Angela Costa destacou o primeiro webinar realizado pela Associa\u00e7\u00e3o, dia 16 de junho, com o ministro-chefe da Casa Civil, Braga Netto. Ainda foram realizadas, durante todo o ano, 75 reuni\u00f5es ordin\u00e1rias online, sendo quatro webinars; cinco semin\u00e1rios e debates empresariais, com um webinar; e ainda foram publicadas duas edi\u00e7\u00f5es da <strong><a href=\"https:\/\/acrj.org.br\/index.php\/revista-governanca-e-compliance-posts\/\">revista de Governan\u00e7a e Compliance<\/a><\/strong>.<\/p>\n\n\n\n<p>Os candidatos a prefeito do Rio tamb\u00e9m participaram de lives realizadas antes do primeiro turno da elei\u00e7\u00e3o, assim como o presidente do Ibope, Carlos Augusto Montenegro, que analisou os dois turnos eleitorais.<\/p>\n\n\n\n<p>Cada um dos presidentes dos 14 Conselhos Empresariais da ACRJ falou sobre os trabalhos realizados, e as propostas para 2021. Eles receberam o agradecimento do vice-presidente de Rela\u00e7\u00f5es Institucionais e Conselhos Empresariais, Jos\u00e9 Domingos Vargas. &#8220;O brilhantismo dos conselhos em 2020 ser\u00e1 base para o pr\u00f3ximo ano&#8221;, afirmou.<\/p>\n\n\n\n<p>A presidente tamb\u00e9m lembrou da <strong><a href=\"https:\/\/acrj.org.br\/index.php\/agenda-positiva\/\">Agenda Positiva<\/a><\/strong>, entregue aos candidatos a prefeito, vereadores eleitos e secret\u00e1rios do munic\u00edpio do Rio de Janeiro. &#8220;O trabalho incans\u00e1vel dos Conselhos Empresariais culminou nesse resultado fant\u00e1stico, com os 25 pontos mais importantes que devem ser o foco das autoridades do Rio para as pol\u00edticas p\u00fablicas. Essas medidas n\u00e3o servem para a melhoria apenas da cidade, mas para o estado do Rio de Janeiro e do Brasil.&#8221;<\/p>\n\n\n\n<p>Terminando sua apresenta\u00e7\u00e3o, foi apresentada a \u00faltima a\u00e7\u00e3o da ACRJ no ano: a <strong><a href=\"https:\/\/acrj.org.br\/index.php\/2020\/12\/11\/fecomercio-rj-lidera-campanha-de-conscientizacao-e-combate-a-covid-19\/\">campanha Um Por Todos, Todos Por Um<\/a><\/strong>. Realizada em parceria com a Fecom\u00e9rcio RJ e o Governo do Estado do Rio, a iniciativa busca conscientizar a popula\u00e7\u00e3o dos cuidados a serem tomados contra a Covid-19. &#8220;A Associa\u00e7\u00e3o est\u00e1 empenhada nesta campanha sobre a import\u00e2ncia de mantermos rigorosamente os protocolos de seguran\u00e7a contra esta pandemia. Cada um pode fazer a sua parte neste momento&#8221;, reiterou a presidente.<\/p>\n\n\n\n<p>O evento foi encerrado com a ben\u00e7\u00e3o do Padre Omar, reitor do Santu\u00e1rio do Cristo Redentor do Corcovado, que fez uma ora\u00e7\u00e3o e cantou Noite Feliz, acompanhado pelos presentes.<\/p>\n\n\n\n<div class=\"wp-block-image\"><figure class=\"aligncenter size-large is-resized\"><img fetchpriority=\"high\" decoding=\"async\" src=\"https:\/\/acrj.org.br\/wp-content\/uploads\/2020\/12\/reuniao-balanco-1-2020-1024x426.jpeg\" alt=\"\" class=\"wp-image-6532\" width=\"606\" height=\"252\" srcset=\"https:\/\/acrj.org.br\/wp-content\/uploads\/2020\/12\/reuniao-balanco-1-2020-1024x426.jpeg 1024w, https:\/\/acrj.org.br\/wp-content\/uploads\/2020\/12\/reuniao-balanco-1-2020-600x249.jpeg 600w, https:\/\/acrj.org.br\/wp-content\/uploads\/2020\/12\/reuniao-balanco-1-2020-300x125.jpeg 300w, https:\/\/acrj.org.br\/wp-content\/uploads\/2020\/12\/reuniao-balanco-1-2020-768x319.jpeg 768w, https:\/\/acrj.org.br\/wp-content\/uploads\/2020\/12\/reuniao-balanco-1-2020.jpeg 1198w\" sizes=\"(max-width: 606px) 100vw, 606px\" \/><\/figure><\/div>\n\n\n\n<p><\/p>\n","protected":false},"excerpt":{"rendered":"<p>A presidente Angela Costa apresentou \u00e0 diretoria e aos presidentes dos Conselhos Empresariais, e outros membros da ACRJ, as realiza\u00e7\u00f5es e atividades deste ano. O&hellip;<\/p>\n","protected":false},"author":3,"featured_media":6541,"comment_status":"closed","ping_status":"closed","sticky":false,"template":"","format":"standard","meta":{"_exactmetrics_skip_tracking":false,"_exactmetrics_sitenote_active":false,"_exactmetrics_sitenote_note":"","_exactmetrics_sitenote_category":0,"footnotes":""},"categories":[6],"tags":[],"class_list":["post-6531","post","type-post","status-publish","format-standard","has-post-thumbnail","hentry","category-destaque_noticias"],"_links":{"self":[{"href":"https:\/\/acrj.org.br\/index.php\/wp-json\/wp\/v2\/posts\/6531","targetHints":{"allow":["GET"]}}],"collection":[{"href":"https:\/\/acrj.org.br\/index.php\/wp-json\/wp\/v2\/posts"}],"about":[{"href":"https:\/\/acrj.org.br\/index.php\/wp-json\/wp\/v2\/types\/post"}],"author":[{"embeddable":true,"href":"https:\/\/acrj.org.br\/index.php\/wp-json\/wp\/v2\/users\/3"}],"replies":[{"embeddable":true,"href":"https:\/\/acrj.org.br\/index.php\/wp-json\/wp\/v2\/comments?post=6531"}],"version-history":[{"count":0,"href":"https:\/\/acrj.org.br\/index.php\/wp-json\/wp\/v2\/posts\/6531\/revisions"}],"wp:featuredmedia":[{"embeddable":true,"href":"https:\/\/acrj.org.br\/index.php\/wp-json\/wp\/v2\/media\/6541"}],"wp:attachment":[{"href":"https:\/\/acrj.org.br\/index.php\/wp-json\/wp\/v2\/media?parent=6531"}],"wp:term":[{"taxonomy":"category","embeddable":true,"href":"https:\/\/acrj.org.br\/index.php\/wp-json\/wp\/v2\/categories?post=6531"},{"taxonomy":"post_tag","embeddable":true,"href":"https:\/\/acrj.org.br\/index.php\/wp-json\/wp\/v2\/tags?post=6531"}],"curies":[{"name":"wp","href":"https:\/\/api.w.org\/{rel}","templated":true}]}}