{"id":6500,"date":"2020-12-11T15:45:25","date_gmt":"2020-12-11T18:45:25","guid":{"rendered":"https:\/\/acrj.org.br\/?p=6500"},"modified":"2021-01-28T10:43:37","modified_gmt":"2021-01-28T13:43:37","slug":"presidente-da-acrj-e-homenageada-com-medalha-merito-tamandare-da-marinha","status":"publish","type":"post","link":"https:\/\/acrj.org.br\/index.php\/2020\/12\/11\/presidente-da-acrj-e-homenageada-com-medalha-merito-tamandare-da-marinha\/","title":{"rendered":"Presidente da ACRJ \u00e9 homenageada com medalha M\u00e9rito Tamandar\u00e9, da Marinha"},"content":{"rendered":"\n<p>O Comando do 1\u00ba Distrito Naval (Com1\u00baDN) realizou, dia 11 de dezembro, a cerim\u00f4nia em comemora\u00e7\u00e3o ao Dia do Marinheiro e Imposi\u00e7\u00e3o da Medalha \u201cM\u00e9rito Tamandar\u00e9\u201d, realizada na Casa do Marinheiro (RJ). A presidente da ACRJ, Angela Costa, foi uma das agraciadas e recebeu a comenda das m\u00e3os do Vice-Almirante (FN), Secret\u00e1rio da Comiss\u00e3o de Promo\u00e7\u00f5es de Oficiais, Cesar Lopes Loureiro.<\/p>\n\n\n\n<p>A solenidade, presidida pelo Diretor-Geral do Pessoal da Marinha, Almirante de Esquadra Renato Rodrigues de Aguiar Freire, teve in\u00edcio com as honras militares e o hasteamento do pavilh\u00e3o do patrono da Marinha, acompanhado do \u201cEx\u00f3rdio de Tamandar\u00e9\u201d executado pela Banda de M\u00fasica do Batalh\u00e3o Naval. Tamb\u00e9m houve a salva de 19 tiros de canh\u00e3o, executada pela Bateria de Salva do Comando do Grupamento de Patrulha Naval do Sudeste.<\/p>\n\n\n\n<p>Durante o evento, os participantes puderam acompanhar, virtualmente, a cerim\u00f4nia de Integra\u00e7\u00e3o do Submarino \u201cTonelero\u201d, do lan\u00e7amento ao mar do Submarino \u201cHumait\u00e1\u201d e os avan\u00e7os do Programa de Desenvolvimento de Submarinos da Marinha do Brasil (PROSUB), que ocorreu no Complexo Naval de Itagua\u00ed.<\/p>\n\n\n\n<p>O Dia do Marinheiro \u00e9 celebrado em refer\u00eancia ao dia 13 de dezembro, data de nascimento do Patrono da Marinha do Brasil, o Almirante Joaquim Marques Lisboa, o Marqu\u00eas de Tamandar\u00e9. Como forma de homenagem, a Medalha \u201cM\u00e9rito Tamandar\u00e9\u201d foi criada em 1957 e se destina a agraciar as autoridades, institui\u00e7\u00f5es e personalidades civis e militares, brasileiras ou estrangeiras, que tenham prestado servi\u00e7os relevantes na divulga\u00e7\u00e3o ou no fortalecimento das tradi\u00e7\u00f5es da Marinha.<\/p>\n\n\n\n<div class=\"wp-block-group\"><div class=\"wp-block-group__inner-container is-layout-flow wp-block-group-is-layout-flow\">\n<figure class=\"wp-block-gallery columns-3 is-cropped wp-block-gallery-1 is-layout-flex wp-block-gallery-is-layout-flex\"><ul class=\"blocks-gallery-grid\"><li class=\"blocks-gallery-item\"><figure><img fetchpriority=\"high\" decoding=\"async\" width=\"768\" height=\"1024\" src=\"https:\/\/acrj.org.br\/wp-content\/uploads\/2020\/12\/q-768x1024.jpeg\" alt=\"\" data-id=\"6502\" data-full-url=\"https:\/\/acrj.org.br\/wp-content\/uploads\/2020\/12\/q.jpeg\" data-link=\"https:\/\/acrj.org.br\/?attachment_id=6502\" class=\"wp-image-6502\"\/><figcaption class=\"blocks-gallery-item__caption\">A presidente Angela Costa acompanhada do Almirante de Esquadra Renato Rodrigues de Aguiar Freire<\/figcaption><\/figure><\/li><li class=\"blocks-gallery-item\"><figure><img decoding=\"async\" width=\"1024\" height=\"768\" src=\"https:\/\/acrj.org.br\/wp-content\/uploads\/2020\/12\/w-1024x768.jpeg\" alt=\"\" data-id=\"6503\" data-full-url=\"https:\/\/acrj.org.br\/wp-content\/uploads\/2020\/12\/w.jpeg\" data-link=\"https:\/\/acrj.org.br\/?attachment_id=6503\" class=\"wp-image-6503\" srcset=\"https:\/\/acrj.org.br\/wp-content\/uploads\/2020\/12\/w-1024x768.jpeg 1024w, https:\/\/acrj.org.br\/wp-content\/uploads\/2020\/12\/w-600x450.jpeg 600w, https:\/\/acrj.org.br\/wp-content\/uploads\/2020\/12\/w-300x225.jpeg 300w, https:\/\/acrj.org.br\/wp-content\/uploads\/2020\/12\/w-768x576.jpeg 768w, https:\/\/acrj.org.br\/wp-content\/uploads\/2020\/12\/w.jpeg 1280w\" sizes=\"(max-width: 1024px) 100vw, 1024px\" \/><\/figure><\/li><li class=\"blocks-gallery-item\"><figure><img decoding=\"async\" width=\"1024\" height=\"678\" src=\"https:\/\/acrj.org.br\/wp-content\/uploads\/2020\/12\/e-1024x678.jpeg\" alt=\"\" data-id=\"6504\" data-full-url=\"https:\/\/acrj.org.br\/wp-content\/uploads\/2020\/12\/e.jpeg\" data-link=\"https:\/\/acrj.org.br\/?attachment_id=6504\" class=\"wp-image-6504\" srcset=\"https:\/\/acrj.org.br\/wp-content\/uploads\/2020\/12\/e-1024x678.jpeg 1024w, https:\/\/acrj.org.br\/wp-content\/uploads\/2020\/12\/e-600x397.jpeg 600w, https:\/\/acrj.org.br\/wp-content\/uploads\/2020\/12\/e-300x199.jpeg 300w, https:\/\/acrj.org.br\/wp-content\/uploads\/2020\/12\/e-768x508.jpeg 768w, https:\/\/acrj.org.br\/wp-content\/uploads\/2020\/12\/e.jpeg 1280w\" sizes=\"(max-width: 1024px) 100vw, 1024px\" \/><\/figure><\/li><li class=\"blocks-gallery-item\"><figure><img loading=\"lazy\" decoding=\"async\" width=\"1024\" height=\"768\" src=\"https:\/\/acrj.org.br\/wp-content\/uploads\/2020\/12\/WhatsApp-Image-2020-12-11-at-15.32.12-1024x768.jpeg\" alt=\"\" data-id=\"6501\" data-full-url=\"https:\/\/acrj.org.br\/wp-content\/uploads\/2020\/12\/WhatsApp-Image-2020-12-11-at-15.32.12.jpeg\" data-link=\"https:\/\/acrj.org.br\/?attachment_id=6501\" class=\"wp-image-6501\" srcset=\"https:\/\/acrj.org.br\/wp-content\/uploads\/2020\/12\/WhatsApp-Image-2020-12-11-at-15.32.12-1024x768.jpeg 1024w, https:\/\/acrj.org.br\/wp-content\/uploads\/2020\/12\/WhatsApp-Image-2020-12-11-at-15.32.12-600x450.jpeg 600w, https:\/\/acrj.org.br\/wp-content\/uploads\/2020\/12\/WhatsApp-Image-2020-12-11-at-15.32.12-300x225.jpeg 300w, https:\/\/acrj.org.br\/wp-content\/uploads\/2020\/12\/WhatsApp-Image-2020-12-11-at-15.32.12-768x576.jpeg 768w, https:\/\/acrj.org.br\/wp-content\/uploads\/2020\/12\/WhatsApp-Image-2020-12-11-at-15.32.12.jpeg 1280w\" sizes=\"(max-width: 1024px) 100vw, 1024px\" \/><figcaption class=\"blocks-gallery-item__caption\">Vice-Almirante (FN) Cesar Lopes Loureiro, acompanhado da presidente Angela Costa<\/figcaption><\/figure><\/li><\/ul><\/figure>\n<\/div><\/div>\n","protected":false},"excerpt":{"rendered":"<p>O Comando do 1\u00ba Distrito Naval (Com1\u00baDN) realizou, dia 11 de dezembro, a cerim\u00f4nia em comemora\u00e7\u00e3o ao Dia do Marinheiro e Imposi\u00e7\u00e3o da Medalha \u201cM\u00e9rito&hellip;<\/p>\n","protected":false},"author":3,"featured_media":6502,"comment_status":"closed","ping_status":"closed","sticky":false,"template":"","format":"standard","meta":{"_exactmetrics_skip_tracking":false,"_exactmetrics_sitenote_active":false,"_exactmetrics_sitenote_note":"","_exactmetrics_sitenote_category":0,"footnotes":""},"categories":[6],"tags":[],"class_list":["post-6500","post","type-post","status-publish","format-standard","has-post-thumbnail","hentry","category-destaque_noticias"],"_links":{"self":[{"href":"https:\/\/acrj.org.br\/index.php\/wp-json\/wp\/v2\/posts\/6500","targetHints":{"allow":["GET"]}}],"collection":[{"href":"https:\/\/acrj.org.br\/index.php\/wp-json\/wp\/v2\/posts"}],"about":[{"href":"https:\/\/acrj.org.br\/index.php\/wp-json\/wp\/v2\/types\/post"}],"author":[{"embeddable":true,"href":"https:\/\/acrj.org.br\/index.php\/wp-json\/wp\/v2\/users\/3"}],"replies":[{"embeddable":true,"href":"https:\/\/acrj.org.br\/index.php\/wp-json\/wp\/v2\/comments?post=6500"}],"version-history":[{"count":0,"href":"https:\/\/acrj.org.br\/index.php\/wp-json\/wp\/v2\/posts\/6500\/revisions"}],"wp:featuredmedia":[{"embeddable":true,"href":"https:\/\/acrj.org.br\/index.php\/wp-json\/wp\/v2\/media\/6502"}],"wp:attachment":[{"href":"https:\/\/acrj.org.br\/index.php\/wp-json\/wp\/v2\/media?parent=6500"}],"wp:term":[{"taxonomy":"category","embeddable":true,"href":"https:\/\/acrj.org.br\/index.php\/wp-json\/wp\/v2\/categories?post=6500"},{"taxonomy":"post_tag","embeddable":true,"href":"https:\/\/acrj.org.br\/index.php\/wp-json\/wp\/v2\/tags?post=6500"}],"curies":[{"name":"wp","href":"https:\/\/api.w.org\/{rel}","templated":true}]}}