{"id":6441,"date":"2021-01-15T09:00:31","date_gmt":"2021-01-15T12:00:31","guid":{"rendered":"https:\/\/acrj.org.br\/?p=6441"},"modified":"2021-01-28T10:43:36","modified_gmt":"2021-01-28T13:43:36","slug":"historia-boemia-e-carnaval-no-largo-da-lapa","status":"publish","type":"post","link":"https:\/\/acrj.org.br\/index.php\/2021\/01\/15\/historia-boemia-e-carnaval-no-largo-da-lapa\/","title":{"rendered":"Hist\u00f3ria, boemia e carnaval no Largo da Lapa"},"content":{"rendered":"\n<p>Al\u00e9m de ser conhecida como uma das \u00e1reas mais bo\u00eamias do Rio de Janeiro, o Largo da Lapa tamb\u00e9m respira hist\u00f3ria. Na rua Visconde de Maranguape est\u00e1 localizado o Lampad\u00e1rio da Lapa, obra de Rodolfo Bernadelli, de 1906. Durante a gest\u00e3o do prefeito Pereira Passos, jornalistas e escritores abolicionistas e republicanos se reuniam ali para discutir o futuro do Brasil.<\/p>\n\n\n\n<p>Est\u00e1 \u00e1rea do largo tamb\u00e9m serve de palco para a folia e na regi\u00e3o se concentram v\u00e1rios blocos no Carnaval. Ali tamb\u00e9m circularam m\u00fasicos como Geraldo Pereira, Noel Rosa, Wilson Batista, Lupic\u00ednio Rodrigues, Lamartine Babo, Ataulfo Alves, Villa-Lobos e Guerra Peixe.<\/p>\n\n\n\n<p>Tudo isso sob o contorno da paisagem marcada pelos Arcos da Lapa, antigo Aqueduto da Carioca. Em estilo rom\u00e2ntico, tinha a fun\u00e7\u00e3o de abastecer a popula\u00e7\u00e3o da cidade, sendo considerada a maior obra de engenharia do regime colonial.<\/p>\n\n\n\n<p>Para saber essas e muitas outras informa\u00e7\u00f5es interessantes sobre o Largo da Lapa, acesse o <a href=\"https:\/\/almanaquecarioquice.com.br\/4007-2\/\">Almanaque Carioquice 2020<\/a>.<\/p>\n\n\n\n<p><strong>Foto: Divulga\u00e7\u00e3o\/ICCA<\/strong><a href=\"https:\/\/acrj.org.br\/index.php\/2020\/12\/02\/angela-costa-recebe-medalha-do-corpo-de-bombeiros-do-rio-de-janeiro\/\"><\/a><\/p>\n","protected":false},"excerpt":{"rendered":"<p>Al\u00e9m de ser conhecida como uma das \u00e1reas mais bo\u00eamias do Rio de Janeiro, o Largo da Lapa tamb\u00e9m respira hist\u00f3ria. Na rua Visconde de&hellip;<\/p>\n","protected":false},"author":3,"featured_media":6442,"comment_status":"closed","ping_status":"closed","sticky":false,"template":"","format":"standard","meta":{"_exactmetrics_skip_tracking":false,"_exactmetrics_sitenote_active":false,"_exactmetrics_sitenote_note":"","_exactmetrics_sitenote_category":0,"footnotes":""},"categories":[6],"tags":[],"class_list":["post-6441","post","type-post","status-publish","format-standard","has-post-thumbnail","hentry","category-destaque_noticias"],"_links":{"self":[{"href":"https:\/\/acrj.org.br\/index.php\/wp-json\/wp\/v2\/posts\/6441","targetHints":{"allow":["GET"]}}],"collection":[{"href":"https:\/\/acrj.org.br\/index.php\/wp-json\/wp\/v2\/posts"}],"about":[{"href":"https:\/\/acrj.org.br\/index.php\/wp-json\/wp\/v2\/types\/post"}],"author":[{"embeddable":true,"href":"https:\/\/acrj.org.br\/index.php\/wp-json\/wp\/v2\/users\/3"}],"replies":[{"embeddable":true,"href":"https:\/\/acrj.org.br\/index.php\/wp-json\/wp\/v2\/comments?post=6441"}],"version-history":[{"count":0,"href":"https:\/\/acrj.org.br\/index.php\/wp-json\/wp\/v2\/posts\/6441\/revisions"}],"wp:featuredmedia":[{"embeddable":true,"href":"https:\/\/acrj.org.br\/index.php\/wp-json\/wp\/v2\/media\/6442"}],"wp:attachment":[{"href":"https:\/\/acrj.org.br\/index.php\/wp-json\/wp\/v2\/media?parent=6441"}],"wp:term":[{"taxonomy":"category","embeddable":true,"href":"https:\/\/acrj.org.br\/index.php\/wp-json\/wp\/v2\/categories?post=6441"},{"taxonomy":"post_tag","embeddable":true,"href":"https:\/\/acrj.org.br\/index.php\/wp-json\/wp\/v2\/tags?post=6441"}],"curies":[{"name":"wp","href":"https:\/\/api.w.org\/{rel}","templated":true}]}}