{"id":6300,"date":"2020-11-23T11:02:52","date_gmt":"2020-11-23T14:02:52","guid":{"rendered":"https:\/\/acrj.org.br\/?p=6300"},"modified":"2020-12-08T13:07:30","modified_gmt":"2020-12-08T16:07:30","slug":"cais-do-valongo-passado-redescoberto-ha-quase-uma-decada-2","status":"publish","type":"post","link":"https:\/\/acrj.org.br\/index.php\/2020\/11\/23\/cais-do-valongo-passado-redescoberto-ha-quase-uma-decada-2\/","title":{"rendered":"Cais do Valongo: passado redescoberto h\u00e1 quase uma d\u00e9cada"},"content":{"rendered":"\n<p>Por mais de um s\u00e9culo, o passado colonial do Rio ficou encoberto por aterros e asfaltos no Cais do Valongo e s\u00f3 ganhou visibilidade com as obras de revitaliza\u00e7\u00e3o da Zona Portu\u00e1ria carioca, a partir de 2011. Com as escava\u00e7\u00f5es na regi\u00e3o, os oper\u00e1rios encontraram o cal\u00e7amento de p\u00e9 de moleque, um estilo de pavimenta\u00e7\u00e3o que tem uma pedra ao lado da outra e reporta ao s\u00e9culo XIX.<\/p>\n\n\n\n<p>A descoberta levou historiadores a afirmarem que o local foi a porta de entrada de milhares de escravos no Brasil. Esse monumento a c\u00e9u aberto recebe cada vez mais visitantes da cidade, do Brasil e do mundo, al\u00e9m de arque\u00f3logos e outros especialistas no assunto.<\/p>\n\n\n\n<p>O Cais do Valongo recebeu o t\u00edtulo de Patrim\u00f4nio Hist\u00f3rico da Humanidade, da Unesco. Os acontecimentos pouco conhecidos desse s\u00edmbolo, tamb\u00e9m chamado de Pequena \u00c1frica, est\u00e3o no Almanaque Carioquice, uma publica\u00e7\u00e3o do Instituto Cultural Cravo Albin (ICCA). <\/p>\n\n\n\n<p>Para acessar o Almanaque Carioquice 2020, <strong><a href=\"https:\/\/almanaquecarioquice.com.br\/4007-2\/\">acesse aqui<\/a><\/strong> .<\/p>\n\n\n\n<p><strong>Foto: Divulga\u00e7\u00e3o\/ICCA<\/strong><\/p>\n","protected":false},"excerpt":{"rendered":"<p>Por mais de um s\u00e9culo, o passado colonial do Rio ficou encoberto por aterros e asfaltos no Cais do Valongo e s\u00f3 ganhou visibilidade com&hellip;<\/p>\n","protected":false},"author":3,"featured_media":6301,"comment_status":"closed","ping_status":"open","sticky":false,"template":"","format":"standard","meta":{"_exactmetrics_skip_tracking":false,"_exactmetrics_sitenote_active":false,"_exactmetrics_sitenote_note":"","_exactmetrics_sitenote_category":0,"footnotes":""},"categories":[6],"tags":[],"class_list":["post-6300","post","type-post","status-publish","format-standard","has-post-thumbnail","hentry","category-destaque_noticias"],"_links":{"self":[{"href":"https:\/\/acrj.org.br\/index.php\/wp-json\/wp\/v2\/posts\/6300","targetHints":{"allow":["GET"]}}],"collection":[{"href":"https:\/\/acrj.org.br\/index.php\/wp-json\/wp\/v2\/posts"}],"about":[{"href":"https:\/\/acrj.org.br\/index.php\/wp-json\/wp\/v2\/types\/post"}],"author":[{"embeddable":true,"href":"https:\/\/acrj.org.br\/index.php\/wp-json\/wp\/v2\/users\/3"}],"replies":[{"embeddable":true,"href":"https:\/\/acrj.org.br\/index.php\/wp-json\/wp\/v2\/comments?post=6300"}],"version-history":[{"count":0,"href":"https:\/\/acrj.org.br\/index.php\/wp-json\/wp\/v2\/posts\/6300\/revisions"}],"wp:featuredmedia":[{"embeddable":true,"href":"https:\/\/acrj.org.br\/index.php\/wp-json\/wp\/v2\/media\/6301"}],"wp:attachment":[{"href":"https:\/\/acrj.org.br\/index.php\/wp-json\/wp\/v2\/media?parent=6300"}],"wp:term":[{"taxonomy":"category","embeddable":true,"href":"https:\/\/acrj.org.br\/index.php\/wp-json\/wp\/v2\/categories?post=6300"},{"taxonomy":"post_tag","embeddable":true,"href":"https:\/\/acrj.org.br\/index.php\/wp-json\/wp\/v2\/tags?post=6300"}],"curies":[{"name":"wp","href":"https:\/\/api.w.org\/{rel}","templated":true}]}}