{"id":6297,"date":"2020-11-19T10:49:00","date_gmt":"2020-11-19T13:49:00","guid":{"rendered":"https:\/\/acrj.org.br\/?p=6297"},"modified":"2020-11-26T09:21:18","modified_gmt":"2020-11-26T12:21:18","slug":"embaixador-marcilio-marques-moreira-recebe-homenagem","status":"publish","type":"post","link":"https:\/\/acrj.org.br\/index.php\/2020\/11\/19\/embaixador-marcilio-marques-moreira-recebe-homenagem\/","title":{"rendered":"Embaixador Marc\u00edlio Marques Moreira recebe homenagem"},"content":{"rendered":"\n<p>A Funda\u00e7\u00e3o FHC e o Movimento Livres v\u00e3o homenagear o embaixador Marcilio Marques Moreira, presidente do Conselho Empresarial de Pol\u00edticas Econ\u00f4micas da ACRJ, pelos seus 89 anos. No pr\u00f3ximo dia 25\/11, \u00e0s 17h, ser\u00e1 realizado o webinar: <strong>Marc\u00edlio Marques Moreira completa 89 anos: um legado liberal para a sociedade brasileira<\/strong>.<\/p>\n\n\n\n<p>O evento ter\u00e1 como oradores, Celso Lafer, ex-ministro das Rela\u00e7\u00f5es Exteriores do Brasil (1992; 2001 a 2002); Pedro Luiz Bodin de Moraes, membro do Conselho de Administra\u00e7\u00e3o do Ita\u00fa Unibanco (desde 2009); e Persio Arida, ex-presidente do Banco Central do Brasil (1993-94) e do BNDES (1995).<\/p>\n\n\n\n<p>O evento ser\u00e1 transmitido pelo <strong><a href=\"https:\/\/zoom.us\/webinar\/register\/WN_QIrFn8UjTOCjHvCc_l-l9w\">Zoom<\/a><\/strong> e pelo <strong><a href=\"https:\/\/funlink.fundacaofhc.org.br\/cl\/PJOZy\/A\/1fd1\/0\/BK_C\/CbTz_6NcswU\/1\/\">Facebook<\/a><\/strong><\/p>\n\n\n\n<figure class=\"wp-block-image size-large is-resized\"><img fetchpriority=\"high\" decoding=\"async\" src=\"https:\/\/acrj.org.br\/wp-content\/uploads\/2020\/11\/webinar-marcilio.jpg\" alt=\"\" class=\"wp-image-6298\" width=\"483\" height=\"264\" srcset=\"https:\/\/acrj.org.br\/wp-content\/uploads\/2020\/11\/webinar-marcilio.jpg 640w, https:\/\/acrj.org.br\/wp-content\/uploads\/2020\/11\/webinar-marcilio-600x328.jpg 600w, https:\/\/acrj.org.br\/wp-content\/uploads\/2020\/11\/webinar-marcilio-300x164.jpg 300w\" sizes=\"(max-width: 483px) 100vw, 483px\" \/><\/figure>\n","protected":false},"excerpt":{"rendered":"<p>A Funda\u00e7\u00e3o FHC e o Movimento Livres v\u00e3o homenagear o embaixador Marcilio Marques Moreira, presidente do Conselho Empresarial de Pol\u00edticas Econ\u00f4micas da ACRJ, pelos seus&hellip;<\/p>\n","protected":false},"author":3,"featured_media":5096,"comment_status":"closed","ping_status":"open","sticky":false,"template":"","format":"standard","meta":{"_exactmetrics_skip_tracking":false,"_exactmetrics_sitenote_active":false,"_exactmetrics_sitenote_note":"","_exactmetrics_sitenote_category":0,"footnotes":""},"categories":[10],"tags":[],"class_list":["post-6297","post","type-post","status-publish","format-standard","has-post-thumbnail","hentry","category-noticias"],"_links":{"self":[{"href":"https:\/\/acrj.org.br\/index.php\/wp-json\/wp\/v2\/posts\/6297","targetHints":{"allow":["GET"]}}],"collection":[{"href":"https:\/\/acrj.org.br\/index.php\/wp-json\/wp\/v2\/posts"}],"about":[{"href":"https:\/\/acrj.org.br\/index.php\/wp-json\/wp\/v2\/types\/post"}],"author":[{"embeddable":true,"href":"https:\/\/acrj.org.br\/index.php\/wp-json\/wp\/v2\/users\/3"}],"replies":[{"embeddable":true,"href":"https:\/\/acrj.org.br\/index.php\/wp-json\/wp\/v2\/comments?post=6297"}],"version-history":[{"count":0,"href":"https:\/\/acrj.org.br\/index.php\/wp-json\/wp\/v2\/posts\/6297\/revisions"}],"wp:featuredmedia":[{"embeddable":true,"href":"https:\/\/acrj.org.br\/index.php\/wp-json\/wp\/v2\/media\/5096"}],"wp:attachment":[{"href":"https:\/\/acrj.org.br\/index.php\/wp-json\/wp\/v2\/media?parent=6297"}],"wp:term":[{"taxonomy":"category","embeddable":true,"href":"https:\/\/acrj.org.br\/index.php\/wp-json\/wp\/v2\/categories?post=6297"},{"taxonomy":"post_tag","embeddable":true,"href":"https:\/\/acrj.org.br\/index.php\/wp-json\/wp\/v2\/tags?post=6297"}],"curies":[{"name":"wp","href":"https:\/\/api.w.org\/{rel}","templated":true}]}}