{"id":6093,"date":"2020-11-16T10:40:34","date_gmt":"2020-11-16T13:40:34","guid":{"rendered":"https:\/\/acrj.org.br\/?p=6093"},"modified":"2020-11-16T12:04:20","modified_gmt":"2020-11-16T15:04:20","slug":"arnaldo-niskier-faz-palestra-sobre-setor-cultural","status":"publish","type":"post","link":"https:\/\/acrj.org.br\/index.php\/2020\/11\/16\/arnaldo-niskier-faz-palestra-sobre-setor-cultural\/","title":{"rendered":"Arnaldo Niskier faz palestra sobre setor cultural"},"content":{"rendered":"\n<p>Em reuni\u00e3o realizada nesta quarta-feira, 11 de novembro, o Conselho Empresarial de Assuntos Culturais recebeu o presidente do Conselho de Administra\u00e7\u00e3o Centro Integra\u00e7\u00e3o Empresa Escola do Rio de Janeiro \u2013 CIEE &#8211; RJ, Arnaldo Niskier. O palestrante falou sobre necessidade da renova\u00e7\u00e3o e conserva\u00e7\u00e3o das instala\u00e7\u00f5es culturais da cidade e relembrou passagens de sua longa e brilhante carreira no setor da cultura.<\/p>\n\n\n\n<p>Para Niskier, que foi secret\u00e1rio de Estado de Educa\u00e7\u00e3o e Cultura no Governo Chagas Freitas, entre 1979 e 1983, \u00e9 um erro a separa\u00e7\u00e3o das duas pastas. &#8220;A cultura se ressente de mais recursos. Na \u00e9poca que educa\u00e7\u00e3o e cultura eram irm\u00e3s siamesas, era poss\u00edvel mover recursos da educa\u00e7\u00e3o para a cultura quando necess\u00e1rio\u201d, afirmou.<\/p>\n\n\n\n<p>Niskier ainda alertou que as elei\u00e7\u00f5es do pr\u00f3ximo domingo s\u00e3o fundamentais para escolhermos um candidato que d\u00ea a import\u00e2ncia adequada para o setor. \u201cTemos a oportunidade de votar naquele que tem compromisso com a cultura\u201d, disse.<\/p>\n","protected":false},"excerpt":{"rendered":"<p>Em reuni\u00e3o realizada nesta quarta-feira, 11 de novembro, o Conselho Empresarial de Assuntos Culturais recebeu o presidente do Conselho de Administra\u00e7\u00e3o Centro Integra\u00e7\u00e3o Empresa Escola&hellip;<\/p>\n","protected":false},"author":3,"featured_media":6094,"comment_status":"closed","ping_status":"open","sticky":false,"template":"","format":"standard","meta":{"_exactmetrics_skip_tracking":false,"_exactmetrics_sitenote_active":false,"_exactmetrics_sitenote_note":"","_exactmetrics_sitenote_category":0,"footnotes":""},"categories":[10],"tags":[],"class_list":["post-6093","post","type-post","status-publish","format-standard","has-post-thumbnail","hentry","category-noticias"],"_links":{"self":[{"href":"https:\/\/acrj.org.br\/index.php\/wp-json\/wp\/v2\/posts\/6093","targetHints":{"allow":["GET"]}}],"collection":[{"href":"https:\/\/acrj.org.br\/index.php\/wp-json\/wp\/v2\/posts"}],"about":[{"href":"https:\/\/acrj.org.br\/index.php\/wp-json\/wp\/v2\/types\/post"}],"author":[{"embeddable":true,"href":"https:\/\/acrj.org.br\/index.php\/wp-json\/wp\/v2\/users\/3"}],"replies":[{"embeddable":true,"href":"https:\/\/acrj.org.br\/index.php\/wp-json\/wp\/v2\/comments?post=6093"}],"version-history":[{"count":0,"href":"https:\/\/acrj.org.br\/index.php\/wp-json\/wp\/v2\/posts\/6093\/revisions"}],"wp:featuredmedia":[{"embeddable":true,"href":"https:\/\/acrj.org.br\/index.php\/wp-json\/wp\/v2\/media\/6094"}],"wp:attachment":[{"href":"https:\/\/acrj.org.br\/index.php\/wp-json\/wp\/v2\/media?parent=6093"}],"wp:term":[{"taxonomy":"category","embeddable":true,"href":"https:\/\/acrj.org.br\/index.php\/wp-json\/wp\/v2\/categories?post=6093"},{"taxonomy":"post_tag","embeddable":true,"href":"https:\/\/acrj.org.br\/index.php\/wp-json\/wp\/v2\/tags?post=6093"}],"curies":[{"name":"wp","href":"https:\/\/api.w.org\/{rel}","templated":true}]}}