{"id":6006,"date":"2020-11-06T16:30:59","date_gmt":"2020-11-06T19:30:59","guid":{"rendered":"https:\/\/acrj.org.br\/?p=6006"},"modified":"2020-11-06T16:50:55","modified_gmt":"2020-11-06T19:50:55","slug":"candidata-benedita-da-silva-faz-palestra-virtual-na-acrj","status":"publish","type":"post","link":"https:\/\/acrj.org.br\/index.php\/2020\/11\/06\/candidata-benedita-da-silva-faz-palestra-virtual-na-acrj\/","title":{"rendered":"Candidata Benedita da Silva faz palestra virtual na ACRJ"},"content":{"rendered":"\n<p>Na pr\u00f3xima segunda, dia 9 de novembro, \u00e0s 19h, a candidata Benedita da Silva (PT) participa do encontro virtual com a ACRJ.&nbsp;Durante a palestra, ser\u00e1 debatida a &nbsp;<a rel=\"noreferrer noopener\" href=\"https:\/\/acrj.org.br\/wp-content\/uploads\/2020\/10\/agenda_positiva_2020_digital.pdf\" target=\"_blank\"><strong>Agenda Positiva 2020 \u2013 A Voz do Empres\u00e1rio<\/strong><\/a>, entregue a todos os candidatos. O documento foi desenvolvido pelos Conselhos Empresariais e pela diretoria da Associa\u00e7\u00e3o Comercial e tem o objetivo de contribuir com propostas de pol\u00edticas p\u00fablicas em diversos setores importantes para a cidade.<br><br>A Agenda Positiva tem 34 proposi\u00e7\u00f5es, divididas em temas de interesse da cidade. Entre elas: combate \u00e0 concorr\u00eancia do mercado ilegal; incentivo \u00e0 economia criativa; elabora\u00e7\u00e3o de programa de microcr\u00e9dito; estimulo a empresas internacionais de tecnologia, centros de inova\u00e7\u00e3o e de pesquisas se instalarem na cidade; cumprimento de metas para ampliar acesso ao saneamento b\u00e1sico; cria\u00e7\u00e3o de projeto de revitaliza\u00e7\u00e3o da \u00e1rea central da cidade.<\/p>\n\n\n\n<p>Para acompanhar a palestra da candidata Benedita da Silva, \u00e9 s\u00f3 acessar <a href=\"https:\/\/www.youtube.com\/watch?v=QEh7ffQGrwM\"><strong>este link<\/strong><\/a>.<\/p>\n","protected":false},"excerpt":{"rendered":"<p>Na pr\u00f3xima segunda, dia 9 de novembro, \u00e0s 19h, a candidata Benedita da Silva (PT) participa do encontro virtual com a ACRJ.&nbsp;Durante a palestra, ser\u00e1&hellip;<\/p>\n","protected":false},"author":3,"featured_media":6016,"comment_status":"closed","ping_status":"open","sticky":false,"template":"","format":"standard","meta":{"_exactmetrics_skip_tracking":false,"_exactmetrics_sitenote_active":false,"_exactmetrics_sitenote_note":"","_exactmetrics_sitenote_category":0,"footnotes":""},"categories":[10],"tags":[],"class_list":["post-6006","post","type-post","status-publish","format-standard","has-post-thumbnail","hentry","category-noticias"],"_links":{"self":[{"href":"https:\/\/acrj.org.br\/index.php\/wp-json\/wp\/v2\/posts\/6006","targetHints":{"allow":["GET"]}}],"collection":[{"href":"https:\/\/acrj.org.br\/index.php\/wp-json\/wp\/v2\/posts"}],"about":[{"href":"https:\/\/acrj.org.br\/index.php\/wp-json\/wp\/v2\/types\/post"}],"author":[{"embeddable":true,"href":"https:\/\/acrj.org.br\/index.php\/wp-json\/wp\/v2\/users\/3"}],"replies":[{"embeddable":true,"href":"https:\/\/acrj.org.br\/index.php\/wp-json\/wp\/v2\/comments?post=6006"}],"version-history":[{"count":0,"href":"https:\/\/acrj.org.br\/index.php\/wp-json\/wp\/v2\/posts\/6006\/revisions"}],"wp:featuredmedia":[{"embeddable":true,"href":"https:\/\/acrj.org.br\/index.php\/wp-json\/wp\/v2\/media\/6016"}],"wp:attachment":[{"href":"https:\/\/acrj.org.br\/index.php\/wp-json\/wp\/v2\/media?parent=6006"}],"wp:term":[{"taxonomy":"category","embeddable":true,"href":"https:\/\/acrj.org.br\/index.php\/wp-json\/wp\/v2\/categories?post=6006"},{"taxonomy":"post_tag","embeddable":true,"href":"https:\/\/acrj.org.br\/index.php\/wp-json\/wp\/v2\/tags?post=6006"}],"curies":[{"name":"wp","href":"https:\/\/api.w.org\/{rel}","templated":true}]}}