{"id":5631,"date":"2020-10-13T20:00:55","date_gmt":"2020-10-13T23:00:55","guid":{"rendered":"https:\/\/acrj.org.br\/?p=5631"},"modified":"2020-10-14T10:32:20","modified_gmt":"2020-10-14T13:32:20","slug":"presidente-da-funarj-faz-palestra-sobre-o-futuro-da-fundacao","status":"publish","type":"post","link":"https:\/\/acrj.org.br\/index.php\/2020\/10\/13\/presidente-da-funarj-faz-palestra-sobre-o-futuro-da-fundacao\/","title":{"rendered":"Presidente da Funarj faz palestra sobre o futuro da Funda\u00e7\u00e3o"},"content":{"rendered":"\n<p>O presidente da Funarj, Jos\u00e9 Roberto Gifford, \u00e9 o convidado da pr\u00f3xima reuni\u00e3o do Conselho Empresarial e Assuntos Culturais da ACRJ, da 14\/10. O tema de sua palestra ser\u00e1 A Funarj de volta para o futuro. A reuni\u00e3o ser\u00e1 virtual, transmitida pelo Zoom, e ter\u00e1 in\u00edcio \u00e0s 10h30.<\/p>\n\n\n\n<p>Inscreva-se gratuitamente pelo link: <a href=\"https:\/\/zoom.us\/j\/92766876904#success\">https:\/\/zoom.us\/j\/92766876904#success<\/a><\/p>\n","protected":false},"excerpt":{"rendered":"<p>O presidente da Funarj, Jos\u00e9 Roberto Gifford, \u00e9 o convidado da pr\u00f3xima reuni\u00e3o do Conselho Empresarial e Assuntos Culturais da ACRJ, da 14\/10. O tema&hellip;<\/p>\n","protected":false},"author":3,"featured_media":5640,"comment_status":"closed","ping_status":"open","sticky":false,"template":"","format":"standard","meta":{"_exactmetrics_skip_tracking":false,"_exactmetrics_sitenote_active":false,"_exactmetrics_sitenote_note":"","_exactmetrics_sitenote_category":0,"footnotes":""},"categories":[10],"tags":[],"class_list":["post-5631","post","type-post","status-publish","format-standard","has-post-thumbnail","hentry","category-noticias"],"_links":{"self":[{"href":"https:\/\/acrj.org.br\/index.php\/wp-json\/wp\/v2\/posts\/5631","targetHints":{"allow":["GET"]}}],"collection":[{"href":"https:\/\/acrj.org.br\/index.php\/wp-json\/wp\/v2\/posts"}],"about":[{"href":"https:\/\/acrj.org.br\/index.php\/wp-json\/wp\/v2\/types\/post"}],"author":[{"embeddable":true,"href":"https:\/\/acrj.org.br\/index.php\/wp-json\/wp\/v2\/users\/3"}],"replies":[{"embeddable":true,"href":"https:\/\/acrj.org.br\/index.php\/wp-json\/wp\/v2\/comments?post=5631"}],"version-history":[{"count":0,"href":"https:\/\/acrj.org.br\/index.php\/wp-json\/wp\/v2\/posts\/5631\/revisions"}],"wp:featuredmedia":[{"embeddable":true,"href":"https:\/\/acrj.org.br\/index.php\/wp-json\/wp\/v2\/media\/5640"}],"wp:attachment":[{"href":"https:\/\/acrj.org.br\/index.php\/wp-json\/wp\/v2\/media?parent=5631"}],"wp:term":[{"taxonomy":"category","embeddable":true,"href":"https:\/\/acrj.org.br\/index.php\/wp-json\/wp\/v2\/categories?post=5631"},{"taxonomy":"post_tag","embeddable":true,"href":"https:\/\/acrj.org.br\/index.php\/wp-json\/wp\/v2\/tags?post=5631"}],"curies":[{"name":"wp","href":"https:\/\/api.w.org\/{rel}","templated":true}]}}