{"id":5464,"date":"2020-10-06T10:14:00","date_gmt":"2020-10-06T13:14:00","guid":{"rendered":"https:\/\/acrj.org.br\/?p=5464"},"modified":"2020-10-06T11:35:34","modified_gmt":"2020-10-06T14:35:34","slug":"campanha-mais-rio-por-menos-deve-ser-lancada-em-outubro","status":"publish","type":"post","link":"https:\/\/acrj.org.br\/index.php\/2020\/10\/06\/campanha-mais-rio-por-menos-deve-ser-lancada-em-outubro\/","title":{"rendered":"Campanha Mais Rio Por Menos deve ser lan\u00e7ada em outubro"},"content":{"rendered":"\n<p>Em reuni\u00e3o virtual do Conselho Empresarial de Turismo da ACRJ, 25\/09, o presidente do Conselho, Alfredo Lopes, informou que a campanha Mais Rio Por Menos, que busca estimular a atividade tur\u00edstica no Rio de Janeiro p\u00f3s-pandemia, ser\u00e1 lan\u00e7ada em outubro. A iniciativa, idealizada pelo Conselho da ACRJ, vai conceder descontos e outros benef\u00edcios em hot\u00e9is, shoppings, restaurantes e pontos tur\u00edsticos.<\/p>\n\n\n\n<p>De acordo com Alfredo Lopes, a medida vai gerar de forma direta o retorno dos postos de trabalho e, consequentemente, a redu\u00e7\u00e3o imediata do \u00edndice de desemprego. A expectativa \u00e9 de que mais de 500 atividades econ\u00f4micas ligadas a cadeia produtiva do segmento do Turismo sejam retomadas em todo o estado. \u201cEntramos agora na reta final para a implementa\u00e7\u00e3o da campanha\u201d, afirmou.<\/p>\n\n\n\n<p>Durante a reuni\u00e3o tamb\u00e9m foi feita a apresenta\u00e7\u00e3o do Riocard+ Tour Expresso. O cart\u00e3o, que deve ser lan\u00e7ado junto \u00e0 campanha Mais Rio Por Menos, visa incentivar o uso do transporte p\u00fablico e facilitar o acesso dos visitantes aos pontos tur\u00edsticos do Rio de Janeiro. A iniciativa foi apresentada pelo CEO da RioCard, Cassiano Rusycki.<\/p>\n","protected":false},"excerpt":{"rendered":"<p>Em reuni\u00e3o virtual do Conselho Empresarial de Turismo da ACRJ, 25\/09, o presidente do Conselho, Alfredo Lopes, informou que a campanha Mais Rio Por Menos,&hellip;<\/p>\n","protected":false},"author":3,"featured_media":5465,"comment_status":"closed","ping_status":"open","sticky":false,"template":"","format":"standard","meta":{"_exactmetrics_skip_tracking":false,"_exactmetrics_sitenote_active":false,"_exactmetrics_sitenote_note":"","_exactmetrics_sitenote_category":0,"footnotes":""},"categories":[10],"tags":[],"class_list":["post-5464","post","type-post","status-publish","format-standard","has-post-thumbnail","hentry","category-noticias"],"_links":{"self":[{"href":"https:\/\/acrj.org.br\/index.php\/wp-json\/wp\/v2\/posts\/5464","targetHints":{"allow":["GET"]}}],"collection":[{"href":"https:\/\/acrj.org.br\/index.php\/wp-json\/wp\/v2\/posts"}],"about":[{"href":"https:\/\/acrj.org.br\/index.php\/wp-json\/wp\/v2\/types\/post"}],"author":[{"embeddable":true,"href":"https:\/\/acrj.org.br\/index.php\/wp-json\/wp\/v2\/users\/3"}],"replies":[{"embeddable":true,"href":"https:\/\/acrj.org.br\/index.php\/wp-json\/wp\/v2\/comments?post=5464"}],"version-history":[{"count":0,"href":"https:\/\/acrj.org.br\/index.php\/wp-json\/wp\/v2\/posts\/5464\/revisions"}],"wp:featuredmedia":[{"embeddable":true,"href":"https:\/\/acrj.org.br\/index.php\/wp-json\/wp\/v2\/media\/5465"}],"wp:attachment":[{"href":"https:\/\/acrj.org.br\/index.php\/wp-json\/wp\/v2\/media?parent=5464"}],"wp:term":[{"taxonomy":"category","embeddable":true,"href":"https:\/\/acrj.org.br\/index.php\/wp-json\/wp\/v2\/categories?post=5464"},{"taxonomy":"post_tag","embeddable":true,"href":"https:\/\/acrj.org.br\/index.php\/wp-json\/wp\/v2\/tags?post=5464"}],"curies":[{"name":"wp","href":"https:\/\/api.w.org\/{rel}","templated":true}]}}