{"id":5457,"date":"2020-10-06T09:52:00","date_gmt":"2020-10-06T12:52:00","guid":{"rendered":"https:\/\/acrj.org.br\/?p=5457"},"modified":"2021-04-08T10:29:47","modified_gmt":"2021-04-08T13:29:47","slug":"modelo-online-de-eventos-oficiais-sera-uma-tendencia","status":"publish","type":"post","link":"https:\/\/acrj.org.br\/index.php\/2020\/10\/06\/modelo-online-de-eventos-oficiais-sera-uma-tendencia\/","title":{"rendered":"Modelo online de eventos oficiais ser\u00e1 uma tend\u00eancia"},"content":{"rendered":"\n<p>O Conselho Empresarial de Inova\u00e7\u00e3o, Comunica\u00e7\u00e3o e Tecnologia da ACRJ, a partir da experi\u00eancia com o Rio Info 2020, que este ano foi 100% online, acredita que o modelo antigo de eventos presenciais vai se tornar menos constante, ap\u00f3s a pandemia da Covid-19. Segundo os conselheiros, que se reuniram nessa ter\u00e7a, 22\/09, o engajamento de muita gente no projeto online mostrou que valeu a pena o grande esfor\u00e7o para a realiza\u00e7\u00e3o do evento virtual.<\/p>\n\n\n\n<p>\u201cResisti no in\u00edcio em fazer o Rio Info 100% online, mas esse modelo veio para ficar. Talvez n\u00e3o 100%, mas uma vers\u00e3o h\u00edbrida. O modelo antigo n\u00e3o volta mais. O fato dos conte\u00fados ficarem dispon\u00edveis e o alcance que isso ter\u00e1, \u00e9 muito impressionante\u201d, ressaltou o presidente do Conselho e diretor geral do evento, Alberto Blois.<\/p>\n\n\n\n<p>Para Blois, a decis\u00e3o de disponibilizar os conte\u00fados para as pessoas foi importante e acertada. \u201cAcho bacana o que o Rio Info trouxe em 2020, que \u00e9 a liberdade das pessoas poderem assistir as palestras que quiserem e na hora que puderem\u201d, destacou. &#8220;O Rio Info nunca mais ser\u00e1 como antes, depois desta experi\u00eancia&nbsp; e do sucesso da vers\u00e3o virtual do evento&#8221;, acrescentou Paulo Milet, vice-presidente do Conselho.<\/p>\n\n\n\n<p>Blois lembrou que o Rio Info \u00e9 \u201cuma plataforma de gera\u00e7\u00e3o de conte\u00fado e conhecimento, uma rede de trocas de informa\u00e7\u00f5es e experi\u00eancias e um movimento colaborativo para viabilizar neg\u00f3cios e prosperidade a todos os envolvidos\u201d. A ACRJ apoiou mais uma vez o evento, que acontece anualmente.<\/p>\n\n\n\n<p>Para acessar os conte\u00fados, clique no link&nbsp;<a href=\"http:\/\/www.rioinfo.com.br\/2020\" target=\"_blank\" rel=\"noreferrer noopener\">www.rioinfo.com.br\/2020<\/a><\/p>\n","protected":false},"excerpt":{"rendered":"<p>O Conselho Empresarial de Inova\u00e7\u00e3o, Comunica\u00e7\u00e3o e Tecnologia da ACRJ, a partir da experi\u00eancia com o Rio Info 2020, que este ano foi 100% online,&hellip;<\/p>\n","protected":false},"author":3,"featured_media":5458,"comment_status":"closed","ping_status":"closed","sticky":false,"template":"","format":"standard","meta":{"_exactmetrics_skip_tracking":false,"_exactmetrics_sitenote_active":false,"_exactmetrics_sitenote_note":"","_exactmetrics_sitenote_category":0,"footnotes":""},"categories":[10],"tags":[],"class_list":["post-5457","post","type-post","status-publish","format-standard","has-post-thumbnail","hentry","category-noticias"],"_links":{"self":[{"href":"https:\/\/acrj.org.br\/index.php\/wp-json\/wp\/v2\/posts\/5457","targetHints":{"allow":["GET"]}}],"collection":[{"href":"https:\/\/acrj.org.br\/index.php\/wp-json\/wp\/v2\/posts"}],"about":[{"href":"https:\/\/acrj.org.br\/index.php\/wp-json\/wp\/v2\/types\/post"}],"author":[{"embeddable":true,"href":"https:\/\/acrj.org.br\/index.php\/wp-json\/wp\/v2\/users\/3"}],"replies":[{"embeddable":true,"href":"https:\/\/acrj.org.br\/index.php\/wp-json\/wp\/v2\/comments?post=5457"}],"version-history":[{"count":0,"href":"https:\/\/acrj.org.br\/index.php\/wp-json\/wp\/v2\/posts\/5457\/revisions"}],"wp:featuredmedia":[{"embeddable":true,"href":"https:\/\/acrj.org.br\/index.php\/wp-json\/wp\/v2\/media\/5458"}],"wp:attachment":[{"href":"https:\/\/acrj.org.br\/index.php\/wp-json\/wp\/v2\/media?parent=5457"}],"wp:term":[{"taxonomy":"category","embeddable":true,"href":"https:\/\/acrj.org.br\/index.php\/wp-json\/wp\/v2\/categories?post=5457"},{"taxonomy":"post_tag","embeddable":true,"href":"https:\/\/acrj.org.br\/index.php\/wp-json\/wp\/v2\/tags?post=5457"}],"curies":[{"name":"wp","href":"https:\/\/api.w.org\/{rel}","templated":true}]}}