{"id":5246,"date":"2020-09-14T09:35:00","date_gmt":"2020-09-14T12:35:00","guid":{"rendered":"https:\/\/acrj.org.br\/?p=5246"},"modified":"2020-09-14T09:40:56","modified_gmt":"2020-09-14T12:40:56","slug":"rio-info-2020-inova-e-tera-gastronomia-show-e-ate-personal-trainer","status":"publish","type":"post","link":"https:\/\/acrj.org.br\/index.php\/2020\/09\/14\/rio-info-2020-inova-e-tera-gastronomia-show-e-ate-personal-trainer\/","title":{"rendered":"Rio Info inova e ter\u00e1 gastronomia, show e at\u00e9 personal trainer"},"content":{"rendered":"\n<p>O presidente do Conselho Empresarial de Inova\u00e7\u00e3o, Comunica\u00e7\u00e3o e Tecnologia da ACRJ, Alberto Blois, deu&nbsp;<em>spoiler<\/em>&nbsp;do Rio Info 2020, que este ano ser\u00e1 100% virtual, e contou que, al\u00e9m dos conte\u00fados in\u00e9ditos do Brasil e do exterior, haver\u00e1 muita divers\u00e3o para os participantes. \u201cSer\u00e3o tr\u00eas dias de pain\u00e9is, informa\u00e7\u00f5es, palestras e para conseguir acompanhar a maratona e relaxar um pouco vai ter um personal trainer para os participantes se exercitarem. Eles v\u00e3o ainda aprender a fazer o medalh\u00e3o Rio Info e poder\u00e3o se divertir com o show de bossa nova no encerramento\u201d, adiantou Blois, que tamb\u00e9m \u00e9 diretor geral do evento.<\/p>\n\n\n\n<p>Segundo ele, a previs\u00e3o \u00e9 de 100 horas de pain\u00e9is com conte\u00fado in\u00e9dito de 50 cidades do Rio de Janeiro, de v\u00e1rios estados brasileiros e tamb\u00e9m de outros pa\u00edses, como Argentina, Portugal, Estados Unidos e Canad\u00e1. O Rio Info, principal encontro de tecnologia e neg\u00f3cios do pa\u00eds, ter\u00e1 a sua primeira edi\u00e7\u00e3o online, nos seus 18 anos de exist\u00eancia. O evento, que contar\u00e1 com mais de 200 palestrantes, teve seu conte\u00fado dividido e direcionado para neg\u00f3cios, tecnologia, sociedade e forma\u00e7\u00e3o.<\/p>\n\n\n\n<p>Na abertura, os participantes v\u00e3o poder conhecer um pouco mais do Vitor Eleot\u00e9rio, ex-entregador do iFood e que virou engenheiro de software do aplicativo de delivery ap\u00f3s viralizar no LinkedIn com um desabafo. Mesmo aprendendo uma nova tecnologia em dez dias, Vitor foi rejeitado em um processo seletivo por n\u00e3o ter celular e computador adequados. Al\u00e9m do iFood, outras 19 empresas ofereceram uma vaga para o ex-entregador, que optou por permanecer no aplicativo.<\/p>\n\n\n\n<p>Com ingresso a R$ 25,00, podendo ser parcelado, o Rio Info acontece nos dias 15, 16 e 17 de setembro, em um ambiente virtual, pelo hotsite do evento (&nbsp;<a href=\"https:\/\/bit.ly\/rioinfo2020\" target=\"_blank\" rel=\"noreferrer noopener\">https:\/\/bit.ly\/rioinfo2020<\/a>). As inscri\u00e7\u00f5es est\u00e3o abertas e devem ser feitas no link&nbsp;<a href=\"https:\/\/www.sympla.com.br\/rioinfo2020\" target=\"_blank\" rel=\"noreferrer noopener\">https:\/\/www.sympla.com.br\/rioinfo2020<\/a>.<\/p>\n\n\n\n<p>Durante a reuni\u00e3o online do Conselho, dia 1\u00ba de setembro, Alberto Blois ressaltou que o Rio Info gera muitas oportunidades, neg\u00f3cios e intera\u00e7\u00e3o e ainda \u00e9 solid\u00e1rio. O valor de cada inscri\u00e7\u00e3o realizada vai viabilizar o evento e contribuir com a obra social da Casa de Fraternidade Francisco de Assis.<\/p>\n","protected":false},"excerpt":{"rendered":"<p>O presidente do Conselho Empresarial de Inova\u00e7\u00e3o, Comunica\u00e7\u00e3o e Tecnologia da ACRJ, Alberto Blois, deu&nbsp;spoiler&nbsp;do Rio Info 2020, que este ano ser\u00e1 100% virtual, e&hellip;<\/p>\n","protected":false},"author":3,"featured_media":4902,"comment_status":"closed","ping_status":"open","sticky":false,"template":"","format":"standard","meta":{"_exactmetrics_skip_tracking":false,"_exactmetrics_sitenote_active":false,"_exactmetrics_sitenote_note":"","_exactmetrics_sitenote_category":0,"footnotes":""},"categories":[10],"tags":[],"class_list":["post-5246","post","type-post","status-publish","format-standard","has-post-thumbnail","hentry","category-noticias"],"_links":{"self":[{"href":"https:\/\/acrj.org.br\/index.php\/wp-json\/wp\/v2\/posts\/5246","targetHints":{"allow":["GET"]}}],"collection":[{"href":"https:\/\/acrj.org.br\/index.php\/wp-json\/wp\/v2\/posts"}],"about":[{"href":"https:\/\/acrj.org.br\/index.php\/wp-json\/wp\/v2\/types\/post"}],"author":[{"embeddable":true,"href":"https:\/\/acrj.org.br\/index.php\/wp-json\/wp\/v2\/users\/3"}],"replies":[{"embeddable":true,"href":"https:\/\/acrj.org.br\/index.php\/wp-json\/wp\/v2\/comments?post=5246"}],"version-history":[{"count":0,"href":"https:\/\/acrj.org.br\/index.php\/wp-json\/wp\/v2\/posts\/5246\/revisions"}],"wp:featuredmedia":[{"embeddable":true,"href":"https:\/\/acrj.org.br\/index.php\/wp-json\/wp\/v2\/media\/4902"}],"wp:attachment":[{"href":"https:\/\/acrj.org.br\/index.php\/wp-json\/wp\/v2\/media?parent=5246"}],"wp:term":[{"taxonomy":"category","embeddable":true,"href":"https:\/\/acrj.org.br\/index.php\/wp-json\/wp\/v2\/categories?post=5246"},{"taxonomy":"post_tag","embeddable":true,"href":"https:\/\/acrj.org.br\/index.php\/wp-json\/wp\/v2\/tags?post=5246"}],"curies":[{"name":"wp","href":"https:\/\/api.w.org\/{rel}","templated":true}]}}