{"id":5203,"date":"2020-07-29T10:44:00","date_gmt":"2020-07-29T13:44:00","guid":{"rendered":"https:\/\/acrj.org.br\/?p=5203"},"modified":"2020-08-26T10:47:09","modified_gmt":"2020-08-26T13:47:09","slug":"colapso-do-setor-de-transporte-coletivo-pode-ocorrer-entre-agosto-e-setembro","status":"publish","type":"post","link":"https:\/\/acrj.org.br\/index.php\/2020\/07\/29\/colapso-do-setor-de-transporte-coletivo-pode-ocorrer-entre-agosto-e-setembro\/","title":{"rendered":"&#8220;Colapso do setor de transporte coletivo pode ocorrer entre agosto e setembro\u201d"},"content":{"rendered":"\n<p>A previs\u00e3o \u00e9 do Governo do Estado do Rio de Janeiro e foi anunciada, durante reuni\u00e3o virtual da ACRJ, em 28 de julho, pelo secret\u00e1rio de Transportes do Estado e presidente do Conselho Empresarial de Log\u00edstica e Transporte da Associa\u00e7\u00e3o. Segundo Delmo Pinho, \u201co per\u00edodo cr\u00edtico ser\u00e1 entre agosto e novembro deste ano\u201d.<\/p>\n\n\n\n<p>O presidente do Conselho afirmou que \u201cestamos na maior crise de mobilidade do mundo, pelo menos dos \u00faltimos 50 anos\u201d. A pandemia agravou a crise do segmento, faltam recursos para a mobilidade e at\u00e9 os investidores est\u00e3o com dificuldade de financiar por causa do cen\u00e1rio de instabilidade, que ocorre tamb\u00e9m em outros pa\u00edses. \u201cSe o transporte p\u00fablico colapsa, as pessoas t\u00eam dificuldade de ir para o trabalho, ind\u00fastria, com\u00e9rcio, de ir para a escola. Quando o sistema colapsa, a dificuldade, muitas vezes, vira a inviabilidade. E \u00e9 isso que estamos percebendo no mundo nesse momento\u201d, completou.<\/p>\n\n\n\n<p>Os conselheiros acreditam que \u00e9 preciso a\u00e7\u00f5es urgentes para frear essa situa\u00e7\u00e3o. De acordo com eles, a popula\u00e7\u00e3o mundial est\u00e1 com medo de usar o transporte p\u00fablico em fun\u00e7\u00e3o do coronav\u00edrus, como metr\u00f4 e trens, e vem optando por andar a p\u00e9, de bicicleta, de carro particular e utilizando os meios clandestinos. Com isso, a receita tende a diminuir ainda mais e as despesas das operadoras aumentar.<\/p>\n\n\n\n<p>Delmo Pinho adiantou que existe uma estrat\u00e9gia de cria\u00e7\u00e3o de nova bilhetagem eletr\u00f4nica no Rio de Janeiro, em parceria com o BNDES, e que inicialmente vai mexer com o aporte do subs\u00eddio do Estado.&nbsp; H\u00e1 ainda a reformula\u00e7\u00e3o do funcionamento do Bilhete \u00danico, a implanta\u00e7\u00e3o do CIMU (Centro de Informa\u00e7\u00f5es da Mobilidade Urbana), repactua\u00e7\u00e3o geral dos contratos de concess\u00f5es dos trens e do metr\u00f4, licita\u00e7\u00e3o dos \u00f4nibus intermunicipais e das linhas aquavi\u00e1rias.<\/p>\n","protected":false},"excerpt":{"rendered":"<p>A previs\u00e3o \u00e9 do Governo do Estado do Rio de Janeiro e foi anunciada, durante reuni\u00e3o virtual da ACRJ, em 28 de julho, pelo secret\u00e1rio&hellip;<\/p>\n","protected":false},"author":3,"featured_media":5204,"comment_status":"closed","ping_status":"open","sticky":false,"template":"","format":"standard","meta":{"_exactmetrics_skip_tracking":false,"_exactmetrics_sitenote_active":false,"_exactmetrics_sitenote_note":"","_exactmetrics_sitenote_category":0,"footnotes":""},"categories":[10],"tags":[],"class_list":["post-5203","post","type-post","status-publish","format-standard","has-post-thumbnail","hentry","category-noticias"],"_links":{"self":[{"href":"https:\/\/acrj.org.br\/index.php\/wp-json\/wp\/v2\/posts\/5203","targetHints":{"allow":["GET"]}}],"collection":[{"href":"https:\/\/acrj.org.br\/index.php\/wp-json\/wp\/v2\/posts"}],"about":[{"href":"https:\/\/acrj.org.br\/index.php\/wp-json\/wp\/v2\/types\/post"}],"author":[{"embeddable":true,"href":"https:\/\/acrj.org.br\/index.php\/wp-json\/wp\/v2\/users\/3"}],"replies":[{"embeddable":true,"href":"https:\/\/acrj.org.br\/index.php\/wp-json\/wp\/v2\/comments?post=5203"}],"version-history":[{"count":0,"href":"https:\/\/acrj.org.br\/index.php\/wp-json\/wp\/v2\/posts\/5203\/revisions"}],"wp:featuredmedia":[{"embeddable":true,"href":"https:\/\/acrj.org.br\/index.php\/wp-json\/wp\/v2\/media\/5204"}],"wp:attachment":[{"href":"https:\/\/acrj.org.br\/index.php\/wp-json\/wp\/v2\/media?parent=5203"}],"wp:term":[{"taxonomy":"category","embeddable":true,"href":"https:\/\/acrj.org.br\/index.php\/wp-json\/wp\/v2\/categories?post=5203"},{"taxonomy":"post_tag","embeddable":true,"href":"https:\/\/acrj.org.br\/index.php\/wp-json\/wp\/v2\/tags?post=5203"}],"curies":[{"name":"wp","href":"https:\/\/api.w.org\/{rel}","templated":true}]}}