{"id":4745,"date":"2020-07-22T09:35:00","date_gmt":"2020-07-22T12:35:00","guid":{"rendered":"https:\/\/acrj.org.br\/?p=4745"},"modified":"2020-07-28T10:04:55","modified_gmt":"2020-07-28T13:04:55","slug":"cenario-politico-internacional-e-o-brasil","status":"publish","type":"post","link":"https:\/\/acrj.org.br\/index.php\/2020\/07\/22\/cenario-politico-internacional-e-o-brasil\/","title":{"rendered":"Cen\u00e1rio pol\u00edtico internacional e o Brasil"},"content":{"rendered":"\n<p>O doutor em Rela\u00e7\u00f5es Internacionais da PUC Rio, M\u00e1rcio A. Scal\u00e9rcio, \u00e9 o convidado para fazer uma palestra para o Conselho Empresarial de Pol\u00edtica e Com\u00e9rcio Exterior da ACRJ, no dia 30 de julho, \u00e0s 11h. Ele vai falar sobre os cen\u00e1rios pol\u00edticos internacionais e o posicionamento do Brasil.<\/p>\n\n\n\n<p>Para participar basta acessar este <a href=\"https:\/\/zoom.us\/j\/99269246188?pwd=Smc3SkdDUVhmditiay9wY0tXeE5LUT09\">link<\/a>.<\/p>\n\n\n\n<p>Outras informa\u00e7\u00f5es: 2514-1203 ou pelo email: cecilia@acrj.org.br<\/p>\n","protected":false},"excerpt":{"rendered":"<p>O doutor em Rela\u00e7\u00f5es Internacionais da PUC Rio, M\u00e1rcio A. Scal\u00e9rcio, \u00e9 o convidado para fazer uma palestra para o Conselho Empresarial de Pol\u00edtica e&hellip;<\/p>\n","protected":false},"author":3,"featured_media":4436,"comment_status":"closed","ping_status":"open","sticky":false,"template":"","format":"standard","meta":{"_exactmetrics_skip_tracking":false,"_exactmetrics_sitenote_active":false,"_exactmetrics_sitenote_note":"","_exactmetrics_sitenote_category":0,"footnotes":""},"categories":[10],"tags":[],"class_list":["post-4745","post","type-post","status-publish","format-standard","has-post-thumbnail","hentry","category-noticias"],"_links":{"self":[{"href":"https:\/\/acrj.org.br\/index.php\/wp-json\/wp\/v2\/posts\/4745","targetHints":{"allow":["GET"]}}],"collection":[{"href":"https:\/\/acrj.org.br\/index.php\/wp-json\/wp\/v2\/posts"}],"about":[{"href":"https:\/\/acrj.org.br\/index.php\/wp-json\/wp\/v2\/types\/post"}],"author":[{"embeddable":true,"href":"https:\/\/acrj.org.br\/index.php\/wp-json\/wp\/v2\/users\/3"}],"replies":[{"embeddable":true,"href":"https:\/\/acrj.org.br\/index.php\/wp-json\/wp\/v2\/comments?post=4745"}],"version-history":[{"count":0,"href":"https:\/\/acrj.org.br\/index.php\/wp-json\/wp\/v2\/posts\/4745\/revisions"}],"wp:featuredmedia":[{"embeddable":true,"href":"https:\/\/acrj.org.br\/index.php\/wp-json\/wp\/v2\/media\/4436"}],"wp:attachment":[{"href":"https:\/\/acrj.org.br\/index.php\/wp-json\/wp\/v2\/media?parent=4745"}],"wp:term":[{"taxonomy":"category","embeddable":true,"href":"https:\/\/acrj.org.br\/index.php\/wp-json\/wp\/v2\/categories?post=4745"},{"taxonomy":"post_tag","embeddable":true,"href":"https:\/\/acrj.org.br\/index.php\/wp-json\/wp\/v2\/tags?post=4745"}],"curies":[{"name":"wp","href":"https:\/\/api.w.org\/{rel}","templated":true}]}}