{"id":4702,"date":"2020-08-05T10:03:00","date_gmt":"2020-08-05T13:03:00","guid":{"rendered":"https:\/\/acrj.org.br\/?p=4702"},"modified":"2020-08-05T12:25:39","modified_gmt":"2020-08-05T15:25:39","slug":"webinar-vai-discutir-certificacao-legal-e-administracao-publica-em-tempos-de-pandemia","status":"publish","type":"post","link":"https:\/\/acrj.org.br\/index.php\/2020\/08\/05\/webinar-vai-discutir-certificacao-legal-e-administracao-publica-em-tempos-de-pandemia\/","title":{"rendered":"Webinar vai discutir Certifica\u00e7\u00e3o Legal e Administra\u00e7\u00e3o P\u00fablica em tempos de pandemia"},"content":{"rendered":"\n<p>O Conselho Empresarial de Governan\u00e7a e Compliance da ACRJ promove nesta 6\u00aa feira, 7 de agosto, um webinar que vai debater dois temas: \u201cAdministra\u00e7\u00e3o P\u00fablica em tempos de pandemia&#8221; e &#8220;Benef\u00edcios de um Programa de Certifica\u00e7\u00e3o Legal&#8221;. Na oportunidade, ser\u00e1 lan\u00e7ada a sexta edi\u00e7\u00e3o da Revista de Governan\u00e7a e Compliance . O webinar ter\u00e1 in\u00edcio \u00e0s 10h.<\/p>\n\n\n\n<p>Participam do encontro o presidente-executivo do Centro Brasileiro de Media\u00e7\u00e3o e Arbitragem (CBMA), Gustavo da Rocha Schmidt; a secret\u00e1ria de Estado de Integridade e Governan\u00e7a de Santa Catarina, Naiara Czarnobai Augusto; e o procurador do Munic\u00edpio do Rio de Janeiro, Rafael Carvalho Rezende Oliveira, para debater o primeiro tema.<\/p>\n\n\n\n<p>J\u00e1 a segunda palestra ter\u00e1 a participa\u00e7\u00e3o do presidente do Conselho Consultivo do Ibracem, Dani Glikmanas; e do diretor-executivo e fundador do instituto, Julio Botelho.<\/p>\n\n\n\n<p><strong>Revista de Governan\u00e7a e Compliance<\/strong><\/p>\n\n\n\n<p>Produzida ap\u00f3s o in\u00edcio do isolamento social, a revista, tradicional publica\u00e7\u00e3o do Conselho, tem como tema \u201cCompliance em tempos de Pandemia\u201d. A publica\u00e7\u00e3o reuniu um time de especialistas para abordar diversos aspectos que afetam o Brasil e o mundo neste momento. Participam desta edi\u00e7\u00e3o: o consultor Antonio Carlos A. Telles, a economista Cristiana Aguiar, os advogados Daniel Soares, Humberto Mota Filho e Vanessa Cerqueira Reis de Carvalho e a coordenadora do Cap\u00edtulo Rio, do Instituto Brasileiro de Governan\u00e7a Corporativa, Vera Elias.<\/p>\n\n\n\n<p>O webinar ser\u00e1 transmitido pelo <a href=\"https:\/\/zoom.us\/webinar\/register\/WN_oVimSJjtRDCcNRLXfpN24g\">Zoom<\/a>.<\/p>\n\n\n\n<p>E pelo canal da ACRJ no<a href=\"https:\/\/youtu.be\/BcH7CJ5EFZY\"> YouTube<\/a>.<\/p>\n","protected":false},"excerpt":{"rendered":"<p>O Conselho Empresarial de Governan\u00e7a e Compliance da ACRJ promove nesta 6\u00aa feira, 7 de agosto, um webinar que vai debater dois temas: \u201cAdministra\u00e7\u00e3o P\u00fablica&hellip;<\/p>\n","protected":false},"author":3,"featured_media":4731,"comment_status":"closed","ping_status":"open","sticky":false,"template":"","format":"standard","meta":{"_exactmetrics_skip_tracking":false,"_exactmetrics_sitenote_active":false,"_exactmetrics_sitenote_note":"","_exactmetrics_sitenote_category":0,"footnotes":""},"categories":[6],"tags":[],"class_list":["post-4702","post","type-post","status-publish","format-standard","has-post-thumbnail","hentry","category-destaque_noticias"],"_links":{"self":[{"href":"https:\/\/acrj.org.br\/index.php\/wp-json\/wp\/v2\/posts\/4702","targetHints":{"allow":["GET"]}}],"collection":[{"href":"https:\/\/acrj.org.br\/index.php\/wp-json\/wp\/v2\/posts"}],"about":[{"href":"https:\/\/acrj.org.br\/index.php\/wp-json\/wp\/v2\/types\/post"}],"author":[{"embeddable":true,"href":"https:\/\/acrj.org.br\/index.php\/wp-json\/wp\/v2\/users\/3"}],"replies":[{"embeddable":true,"href":"https:\/\/acrj.org.br\/index.php\/wp-json\/wp\/v2\/comments?post=4702"}],"version-history":[{"count":0,"href":"https:\/\/acrj.org.br\/index.php\/wp-json\/wp\/v2\/posts\/4702\/revisions"}],"wp:featuredmedia":[{"embeddable":true,"href":"https:\/\/acrj.org.br\/index.php\/wp-json\/wp\/v2\/media\/4731"}],"wp:attachment":[{"href":"https:\/\/acrj.org.br\/index.php\/wp-json\/wp\/v2\/media?parent=4702"}],"wp:term":[{"taxonomy":"category","embeddable":true,"href":"https:\/\/acrj.org.br\/index.php\/wp-json\/wp\/v2\/categories?post=4702"},{"taxonomy":"post_tag","embeddable":true,"href":"https:\/\/acrj.org.br\/index.php\/wp-json\/wp\/v2\/tags?post=4702"}],"curies":[{"name":"wp","href":"https:\/\/api.w.org\/{rel}","templated":true}]}}