{"id":46810,"date":"2026-09-04T13:03:14","date_gmt":"2026-09-04T16:03:14","guid":{"rendered":"https:\/\/acrj.org.br\/?p=46810"},"modified":"2026-09-04T13:55:44","modified_gmt":"2026-09-04T16:55:44","slug":"especialistas-discutem-compliance-eleitoral-e-governanca-dos-partidos-brasileiros","status":"publish","type":"post","link":"https:\/\/acrj.org.br\/index.php\/2026\/09\/04\/especialistas-discutem-compliance-eleitoral-e-governanca-dos-partidos-brasileiros\/","title":{"rendered":"Especialistas discutem Compliance Eleitoral e Governan\u00e7a dos Partidos Brasileiros"},"content":{"rendered":"\n<p class=\"wp-block-paragraph\">O cientista pol\u00edtico Geraldo Tadeu Monteiro e a advogada e desembargadora do TRE-RJ, K\u00e1tia Junqueira, participaram da reuni\u00e3o mensal do Conselho Empresarial de Governan\u00e7a, Compliance e Diversidade da ACRJ, dia 4 de setembro, para debater governan\u00e7a e compliance em per\u00edodo eleitoral.<\/p>\n\n\n\n<p class=\"wp-block-paragraph\">Ao abrir o encontro, o presidente do Conselho, Humberto Mota Filho, defendeu que o debate eleitoral e a participa\u00e7\u00e3o da sociedade civil n\u00e3o devem ser apenas no momento da escolha de candidatos em elei\u00e7\u00f5es ou ao voto nulo por rejei\u00e7\u00e3o. Ele questionou a baixa ades\u00e3o de grupos minorit\u00e1rios nas elei\u00e7\u00f5es e o preconceito da popula\u00e7\u00e3o em rela\u00e7\u00e3o \u00e0 atividade pol\u00edtica.<\/p>\n\n\n\n<p class=\"wp-block-paragraph\">\u201c\u00c9 necess\u00e1rio fazer uma an\u00e1lise profunda das fragilidades e dos gargalos enfrentados pelos partidos pol\u00edticos na fase de forma\u00e7\u00e3o de lideran\u00e7as e financiamento de campanhas. E pensar em arranjos que n\u00e3o dependam exclusivamente de reformas legislativas formais\u201d, disse.<\/p>\n\n\n\n<figure data-wp-context=\"{&quot;imageId&quot;:&quot;6a9ce9ba6ae9b&quot;}\" data-wp-interactive=\"core\/image\" data-wp-key=\"6a9ce9ba6ae9b\" class=\"wp-block-image size-large is-resized wp-lightbox-container\"><img fetchpriority=\"high\" decoding=\"async\" width=\"2560\" height=\"1375\" data-wp-class--hide=\"state.isContentHidden\" data-wp-class--show=\"state.isContentVisible\" data-wp-init=\"callbacks.setButtonStyles\" data-wp-on--click=\"actions.showLightbox\" data-wp-on--load=\"callbacks.setButtonStyles\" data-wp-on--pointerdown=\"actions.preloadImage\" data-wp-on--pointerenter=\"actions.preloadImageWithDelay\" data-wp-on--pointerleave=\"actions.cancelPreload\" data-wp-on-window--resize=\"callbacks.setButtonStyles\" src=\"https:\/\/acrj.org.br\/wp-content\/uploads\/2026\/09\/humberto-edited-scaled.jpg\" alt=\"\" class=\"wp-image-46815\" style=\"width:500px;height:auto\" srcset=\"https:\/\/acrj.org.br\/wp-content\/uploads\/2026\/09\/humberto-edited-scaled.jpg 2560w, https:\/\/acrj.org.br\/wp-content\/uploads\/2026\/09\/humberto-edited-300x161.jpg 300w, https:\/\/acrj.org.br\/wp-content\/uploads\/2026\/09\/humberto-edited-1024x550.jpg 1024w, https:\/\/acrj.org.br\/wp-content\/uploads\/2026\/09\/humberto-edited-768x412.jpg 768w, https:\/\/acrj.org.br\/wp-content\/uploads\/2026\/09\/humberto-edited-1536x825.jpg 1536w, https:\/\/acrj.org.br\/wp-content\/uploads\/2026\/09\/humberto-edited-2048x1100.jpg 2048w\" sizes=\"(max-width: 2560px) 100vw, 2560px\" \/><button\n\t\t\tclass=\"lightbox-trigger\"\n\t\t\ttype=\"button\"\n\t\t\taria-haspopup=\"dialog\"\n\t\t\tdata-wp-bind--aria-label=\"state.thisImage.triggerButtonAriaLabel\"\n\t\t\tdata-wp-init=\"callbacks.initTriggerButton\"\n\t\t\tdata-wp-on--click=\"actions.showLightbox\"\n\t\t\tdata-wp-style--right=\"state.thisImage.buttonRight\"\n\t\t\tdata-wp-style--top=\"state.thisImage.buttonTop\"\n\t\t>\n\t\t\t<svg xmlns=\"http:\/\/www.w3.org\/2000\/svg\" width=\"12\" height=\"12\" fill=\"none\" viewBox=\"0 0 12 12\">\n\t\t\t\t<path fill=\"#fff\" d=\"M2 0a2 2 0 0 0-2 2v2h1.5V2a.5.5 0 0 1 .5-.5h2V0H2Zm2 10.5H2a.5.5 0 0 1-.5-.5V8H0v2a2 2 0 0 0 2 2h2v-1.5ZM8 12v-1.5h2a.5.5 0 0 0 .5-.5V8H12v2a2 2 0 0 1-2 2H8Zm2-12a2 2 0 0 1 2 2v2h-1.5V2a.5.5 0 0 0-.5-.5H8V0h2Z\" \/>\n\t\t\t<\/svg>\n\t\t<\/button><figcaption class=\"wp-element-caption\"><em>Humberto Mota Filho abriu o encontro<\/em><\/figcaption><\/figure>\n\n\n\n<p class=\"wp-block-paragraph\">K\u00e1tia Junqueira apresentou uma perspectiva focada no compliance pol\u00edtico-partid\u00e1rio e eleitoral, argumentando que a Justi\u00e7a Eleitoral, hoje, opera prioritariamente na puni\u00e7\u00e3o dos fatos e gastos ap\u00f3s consumados, ao inv\u00e9s de priorizar a preven\u00e7\u00e3o.<\/p>\n\n\n\n<p class=\"wp-block-paragraph\">Ela destacou que a regula\u00e7\u00e3o constante do TSE n\u00e3o impede desvios ou conflitos de interesse, sendo indispens\u00e1vel a implementa\u00e7\u00e3o pr\u00e9via de governan\u00e7a interna nos partidos. A desembargadora defendeu o controle rigoroso sobre o uso do Fundo Partid\u00e1rio e do Fundo Especial de Financiamento de Campanha, com verifica\u00e7\u00e3o pr\u00e9via sobre fornecedores, duplo controle e rastreabilidade.<\/p>\n\n\n\n<p class=\"wp-block-paragraph\">\u201c\u00c9 preciso a ado\u00e7\u00e3o efetiva de matrizes de risco, auditorias, c\u00f3digos de conduta \u00e9ticos, canais de den\u00fancia com garantia de anonimato e o combate firme a fraudes como as candidaturas de fachada para cumprimento artificial de cotas de g\u00eanero\u201d, ressaltou.<\/p>\n\n\n\n<p class=\"wp-block-paragraph\">Ela relembrou o caso, em que foi relatora, de uma vereadora de Niter\u00f3i que sofreu ass\u00e9dio eleitoral por pol\u00edtica de g\u00eanero de um colega vereador, onde os desembargadores acompanharam a sua relatoria, confirmando os ind\u00edcios que apontavam a quest\u00e3o de g\u00eanero contra uma parlamentar mulher.<\/p>\n\n\n\n<figure data-wp-context=\"{&quot;imageId&quot;:&quot;6a9ce9ba6b734&quot;}\" data-wp-interactive=\"core\/image\" data-wp-key=\"6a9ce9ba6b734\" class=\"wp-block-image size-large is-resized wp-lightbox-container\"><img decoding=\"async\" width=\"1024\" height=\"724\" data-wp-class--hide=\"state.isContentHidden\" data-wp-class--show=\"state.isContentVisible\" data-wp-init=\"callbacks.setButtonStyles\" data-wp-on--click=\"actions.showLightbox\" data-wp-on--load=\"callbacks.setButtonStyles\" data-wp-on--pointerdown=\"actions.preloadImage\" data-wp-on--pointerenter=\"actions.preloadImageWithDelay\" data-wp-on--pointerleave=\"actions.cancelPreload\" data-wp-on-window--resize=\"callbacks.setButtonStyles\" src=\"https:\/\/acrj.org.br\/wp-content\/uploads\/2026\/09\/katia1-1024x724.jpeg\" alt=\"\" class=\"wp-image-46833\" style=\"width:500px;height:auto\" srcset=\"https:\/\/acrj.org.br\/wp-content\/uploads\/2026\/09\/katia1-1024x724.jpeg 1024w, https:\/\/acrj.org.br\/wp-content\/uploads\/2026\/09\/katia1-300x212.jpeg 300w, https:\/\/acrj.org.br\/wp-content\/uploads\/2026\/09\/katia1-767x542.jpeg 767w, https:\/\/acrj.org.br\/wp-content\/uploads\/2026\/09\/katia1.jpeg 1302w\" sizes=\"(max-width: 1024px) 100vw, 1024px\" \/><button\n\t\t\tclass=\"lightbox-trigger\"\n\t\t\ttype=\"button\"\n\t\t\taria-haspopup=\"dialog\"\n\t\t\tdata-wp-bind--aria-label=\"state.thisImage.triggerButtonAriaLabel\"\n\t\t\tdata-wp-init=\"callbacks.initTriggerButton\"\n\t\t\tdata-wp-on--click=\"actions.showLightbox\"\n\t\t\tdata-wp-style--right=\"state.thisImage.buttonRight\"\n\t\t\tdata-wp-style--top=\"state.thisImage.buttonTop\"\n\t\t>\n\t\t\t<svg xmlns=\"http:\/\/www.w3.org\/2000\/svg\" width=\"12\" height=\"12\" fill=\"none\" viewBox=\"0 0 12 12\">\n\t\t\t\t<path fill=\"#fff\" d=\"M2 0a2 2 0 0 0-2 2v2h1.5V2a.5.5 0 0 1 .5-.5h2V0H2Zm2 10.5H2a.5.5 0 0 1-.5-.5V8H0v2a2 2 0 0 0 2 2h2v-1.5ZM8 12v-1.5h2a.5.5 0 0 0 .5-.5V8H12v2a2 2 0 0 1-2 2H8Zm2-12a2 2 0 0 1 2 2v2h-1.5V2a.5.5 0 0 0-.5-.5H8V0h2Z\" \/>\n\t\t\t<\/svg>\n\t\t<\/button><figcaption class=\"wp-element-caption\"><em>K\u00e1tia Junqueira <\/em><\/figcaption><\/figure>\n\n\n\n<p class=\"wp-block-paragraph\">Geraldo Tadeu fez uma apresenta\u00e7\u00e3o onde abordou governan\u00e7a de partidos pol\u00edticos, integridade p\u00fablica e a din\u00e2mica entre setores p\u00fablico e privado no Brasil. Ele destacou a necessidade de reconhecer e corrigir erros em sistemas institucionais, especialmente em momentos de crise moral ou de confian\u00e7a, para aperfei\u00e7oar o Estado, as empresas e a cidadania.<\/p>\n\n\n\n<p class=\"wp-block-paragraph\">Sobre governan\u00e7a partid\u00e1ria Geraldo Tadeu lembrou que os partidos s\u00e3o o caminho constitucional obrigat\u00f3rio para candidaturas no Brasil e fez uma distin\u00e7\u00e3o cl\u00e1ssica entre partidos de massa, caracterizados por grande milit\u00e2ncia e estrutura interna ativa; partidos de quadros, dominados por poucas lideran\u00e7as e figur\u00f5es; partidos program\u00e1ticos, compromissados com uma agenda ideol\u00f3gica e que evitam acordos pragm\u00e1ticos apenas por poder; e partidos pragm\u00e1ticos, voltados para resultados pr\u00e1ticos e eleitorais, os quais representam a grande maioria no cen\u00e1rio nacional.<\/p>\n\n\n\n<figure data-wp-context=\"{&quot;imageId&quot;:&quot;6a9ce9ba6bef9&quot;}\" data-wp-interactive=\"core\/image\" data-wp-key=\"6a9ce9ba6bef9\" class=\"wp-block-image size-full is-resized wp-lightbox-container\"><img decoding=\"async\" width=\"1642\" height=\"1190\" data-wp-class--hide=\"state.isContentHidden\" data-wp-class--show=\"state.isContentVisible\" data-wp-init=\"callbacks.setButtonStyles\" data-wp-on--click=\"actions.showLightbox\" data-wp-on--load=\"callbacks.setButtonStyles\" data-wp-on--pointerdown=\"actions.preloadImage\" data-wp-on--pointerenter=\"actions.preloadImageWithDelay\" data-wp-on--pointerleave=\"actions.cancelPreload\" data-wp-on-window--resize=\"callbacks.setButtonStyles\" src=\"https:\/\/acrj.org.br\/wp-content\/uploads\/2026\/09\/geraldo-edited-1.jpg\" alt=\"\" class=\"wp-image-46830\" style=\"width:500px;height:auto\" srcset=\"https:\/\/acrj.org.br\/wp-content\/uploads\/2026\/09\/geraldo-edited-1.jpg 1642w, https:\/\/acrj.org.br\/wp-content\/uploads\/2026\/09\/geraldo-edited-1-300x217.jpg 300w, https:\/\/acrj.org.br\/wp-content\/uploads\/2026\/09\/geraldo-edited-1-1024x742.jpg 1024w, https:\/\/acrj.org.br\/wp-content\/uploads\/2026\/09\/geraldo-edited-1-768x557.jpg 768w, https:\/\/acrj.org.br\/wp-content\/uploads\/2026\/09\/geraldo-edited-1-1536x1113.jpg 1536w\" sizes=\"(max-width: 1642px) 100vw, 1642px\" \/><button\n\t\t\tclass=\"lightbox-trigger\"\n\t\t\ttype=\"button\"\n\t\t\taria-haspopup=\"dialog\"\n\t\t\tdata-wp-bind--aria-label=\"state.thisImage.triggerButtonAriaLabel\"\n\t\t\tdata-wp-init=\"callbacks.initTriggerButton\"\n\t\t\tdata-wp-on--click=\"actions.showLightbox\"\n\t\t\tdata-wp-style--right=\"state.thisImage.buttonRight\"\n\t\t\tdata-wp-style--top=\"state.thisImage.buttonTop\"\n\t\t>\n\t\t\t<svg xmlns=\"http:\/\/www.w3.org\/2000\/svg\" width=\"12\" height=\"12\" fill=\"none\" viewBox=\"0 0 12 12\">\n\t\t\t\t<path fill=\"#fff\" d=\"M2 0a2 2 0 0 0-2 2v2h1.5V2a.5.5 0 0 1 .5-.5h2V0H2Zm2 10.5H2a.5.5 0 0 1-.5-.5V8H0v2a2 2 0 0 0 2 2h2v-1.5ZM8 12v-1.5h2a.5.5 0 0 0 .5-.5V8H12v2a2 2 0 0 1-2 2H8Zm2-12a2 2 0 0 1 2 2v2h-1.5V2a.5.5 0 0 0-.5-.5H8V0h2Z\" \/>\n\t\t\t<\/svg>\n\t\t<\/button><figcaption class=\"wp-element-caption\"><em>Geraldo Tadeu<\/em><\/figcaption><\/figure>\n\n\n\n<p class=\"wp-block-paragraph\">Geraldo acrescentou que n\u00e3o acredita muito no interesse real das lideran\u00e7as partid\u00e1rias em aderir a projetos de reformas institucionais ou mecanismos de controle. \u201cTais mudan\u00e7as costumam avan\u00e7ar apenas sob press\u00e3o popular ou em momentos de crise extrema. Como exemplo, posso citar a tramita\u00e7\u00e3o do C\u00f3digo Civil de 2002, aprovado ap\u00f3s anos engavetado em raz\u00e3o de uma crise de imagem no Senado\u201d, explicou. <strong><a href=\"https:\/\/acrj.org.br\/wp-content\/uploads\/2026\/09\/Apresentacao_Organizacao_e_Poder_nos_Partidos_Brasileiros-ACRJ-04-09-26.pdf\">Confira aqui <\/a><\/strong>sua apresenta\u00e7\u00e3o na \u00edntegra.<\/p>\n\n\n\n<figure data-wp-context=\"{&quot;imageId&quot;:&quot;6a9ce9ba6c58a&quot;}\" data-wp-interactive=\"core\/image\" data-wp-key=\"6a9ce9ba6c58a\" class=\"wp-block-image size-large is-resized wp-lightbox-container\"><img loading=\"lazy\" decoding=\"async\" width=\"1024\" height=\"461\" data-wp-class--hide=\"state.isContentHidden\" data-wp-class--show=\"state.isContentVisible\" data-wp-init=\"callbacks.setButtonStyles\" data-wp-on--click=\"actions.showLightbox\" data-wp-on--load=\"callbacks.setButtonStyles\" data-wp-on--pointerdown=\"actions.preloadImage\" data-wp-on--pointerenter=\"actions.preloadImageWithDelay\" data-wp-on--pointerleave=\"actions.cancelPreload\" data-wp-on-window--resize=\"callbacks.setButtonStyles\" src=\"https:\/\/acrj.org.br\/wp-content\/uploads\/2026\/09\/mesa-1024x461.jpg\" alt=\"\" class=\"wp-image-46826\" style=\"width:500px;height:auto\" srcset=\"https:\/\/acrj.org.br\/wp-content\/uploads\/2026\/09\/mesa-1024x461.jpg 1024w, https:\/\/acrj.org.br\/wp-content\/uploads\/2026\/09\/mesa-767x345.jpg 767w, https:\/\/acrj.org.br\/wp-content\/uploads\/2026\/09\/mesa-300x135.jpg 300w, https:\/\/acrj.org.br\/wp-content\/uploads\/2026\/09\/mesa.jpg 1280w\" sizes=\"(max-width: 1024px) 100vw, 1024px\" \/><button\n\t\t\tclass=\"lightbox-trigger\"\n\t\t\ttype=\"button\"\n\t\t\taria-haspopup=\"dialog\"\n\t\t\tdata-wp-bind--aria-label=\"state.thisImage.triggerButtonAriaLabel\"\n\t\t\tdata-wp-init=\"callbacks.initTriggerButton\"\n\t\t\tdata-wp-on--click=\"actions.showLightbox\"\n\t\t\tdata-wp-style--right=\"state.thisImage.buttonRight\"\n\t\t\tdata-wp-style--top=\"state.thisImage.buttonTop\"\n\t\t>\n\t\t\t<svg xmlns=\"http:\/\/www.w3.org\/2000\/svg\" width=\"12\" height=\"12\" fill=\"none\" viewBox=\"0 0 12 12\">\n\t\t\t\t<path fill=\"#fff\" d=\"M2 0a2 2 0 0 0-2 2v2h1.5V2a.5.5 0 0 1 .5-.5h2V0H2Zm2 10.5H2a.5.5 0 0 1-.5-.5V8H0v2a2 2 0 0 0 2 2h2v-1.5ZM8 12v-1.5h2a.5.5 0 0 0 .5-.5V8H12v2a2 2 0 0 1-2 2H8Zm2-12a2 2 0 0 1 2 2v2h-1.5V2a.5.5 0 0 0-.5-.5H8V0h2Z\" \/>\n\t\t\t<\/svg>\n\t\t<\/button><\/figure>\n\n\n\n<p class=\"wp-block-paragraph\"><\/p>\n","protected":false},"excerpt":{"rendered":"<p>O cientista pol\u00edtico Geraldo Tadeu Monteiro e a advogada e desembargadora do TRE-RJ, K\u00e1tia Junqueira, participaram da reuni\u00e3o mensal do Conselho Empresarial de Governan\u00e7a, Compliance&hellip;<\/p>\n","protected":false},"author":3,"featured_media":46811,"comment_status":"closed","ping_status":"closed","sticky":false,"template":"","format":"standard","meta":{"_exactmetrics_skip_tracking":false,"_customify_content_layout":"","_customify_sidebar":"","_customify_page_header_display":"","_customify_disable_header":"","_customify_disable_header_top":"","_customify_disable_header_main":"","_customify_disable_header_bottom":"","_customify_disable_page_title":"","_customify_disable_content_vertical_padding":"","_customify_disable_footer_top":"","_customify_disable_footer_main":"","_customify_disable_footer_bottom":"","_customify_breadcrumb_display":"","_customify_header_transparent_display":"","footnotes":""},"categories":[56,10],"tags":[100,105,214],"class_list":["post-46810","post","type-post","status-publish","format-standard","has-post-thumbnail","hentry","category-destaque_conselhos","category-noticias","tag-acrj","tag-associadosacrj","tag-conselhosacrj"],"_links":{"self":[{"href":"https:\/\/acrj.org.br\/index.php\/wp-json\/wp\/v2\/posts\/46810","targetHints":{"allow":["GET"]}}],"collection":[{"href":"https:\/\/acrj.org.br\/index.php\/wp-json\/wp\/v2\/posts"}],"about":[{"href":"https:\/\/acrj.org.br\/index.php\/wp-json\/wp\/v2\/types\/post"}],"author":[{"embeddable":true,"href":"https:\/\/acrj.org.br\/index.php\/wp-json\/wp\/v2\/users\/3"}],"replies":[{"embeddable":true,"href":"https:\/\/acrj.org.br\/index.php\/wp-json\/wp\/v2\/comments?post=46810"}],"version-history":[{"count":7,"href":"https:\/\/acrj.org.br\/index.php\/wp-json\/wp\/v2\/posts\/46810\/revisions"}],"predecessor-version":[{"id":46834,"href":"https:\/\/acrj.org.br\/index.php\/wp-json\/wp\/v2\/posts\/46810\/revisions\/46834"}],"wp:featuredmedia":[{"embeddable":true,"href":"https:\/\/acrj.org.br\/index.php\/wp-json\/wp\/v2\/media\/46811"}],"wp:attachment":[{"href":"https:\/\/acrj.org.br\/index.php\/wp-json\/wp\/v2\/media?parent=46810"}],"wp:term":[{"taxonomy":"category","embeddable":true,"href":"https:\/\/acrj.org.br\/index.php\/wp-json\/wp\/v2\/categories?post=46810"},{"taxonomy":"post_tag","embeddable":true,"href":"https:\/\/acrj.org.br\/index.php\/wp-json\/wp\/v2\/tags?post=46810"}],"curies":[{"name":"wp","href":"https:\/\/api.w.org\/{rel}","templated":true}]}}