{"id":46700,"date":"2026-09-02T12:30:54","date_gmt":"2026-09-02T15:30:54","guid":{"rendered":"https:\/\/acrj.org.br\/?p=46700"},"modified":"2026-09-02T18:31:51","modified_gmt":"2026-09-02T21:31:51","slug":"senador-eduardo-girao-participa-de-encontro-do-rio-pelo-brasil-promovido-por-acrj-fecomercio-rj-e-firjan","status":"publish","type":"post","link":"https:\/\/acrj.org.br\/index.php\/2026\/09\/02\/senador-eduardo-girao-participa-de-encontro-do-rio-pelo-brasil-promovido-por-acrj-fecomercio-rj-e-firjan\/","title":{"rendered":"Senador Eduardo Gir\u00e3o participa de encontro do Rio pelo Brasil promovido por ACRJ, Fecom\u00e9rcio RJ e Firjan"},"content":{"rendered":"\n<p class=\"wp-block-paragraph\">A Associa\u00e7\u00e3o Comercial do Rio de Janeiro (ACRJ), a Fecom\u00e9rcio RJ e a Firjan promoveram, nesta quarta-feira (2\/09), mais um encontro do projeto Rio pelo Brasil, iniciativa conjunta que re\u00fane candidatos \u00e0 Presid\u00eancia da Rep\u00fablica para apresentar e debater propostas voltadas ao desenvolvimento econ\u00f4mico e social do pa\u00eds.<\/p>\n\n\n\n<figure data-wp-context=\"{&quot;imageId&quot;:&quot;6a9a7746cbdd6&quot;}\" data-wp-interactive=\"core\/image\" data-wp-key=\"6a9a7746cbdd6\" class=\"wp-block-image size-large is-resized wp-lightbox-container\"><img fetchpriority=\"high\" decoding=\"async\" width=\"1024\" height=\"722\" data-wp-class--hide=\"state.isContentHidden\" data-wp-class--show=\"state.isContentVisible\" data-wp-init=\"callbacks.setButtonStyles\" data-wp-on--click=\"actions.showLightbox\" data-wp-on--load=\"callbacks.setButtonStyles\" data-wp-on--pointerdown=\"actions.preloadImage\" data-wp-on--pointerenter=\"actions.preloadImageWithDelay\" data-wp-on--pointerleave=\"actions.cancelPreload\" data-wp-on-window--resize=\"callbacks.setButtonStyles\" src=\"https:\/\/acrj.org.br\/wp-content\/uploads\/2026\/09\/WhatsApp-Image-2026-09-02-at-10.20.31-1024x722.jpeg\" alt=\"\" class=\"wp-image-46712\" style=\"width:500px;height:auto\" srcset=\"https:\/\/acrj.org.br\/wp-content\/uploads\/2026\/09\/WhatsApp-Image-2026-09-02-at-10.20.31-1024x722.jpeg 1024w, https:\/\/acrj.org.br\/wp-content\/uploads\/2026\/09\/WhatsApp-Image-2026-09-02-at-10.20.31-300x211.jpeg 300w, https:\/\/acrj.org.br\/wp-content\/uploads\/2026\/09\/WhatsApp-Image-2026-09-02-at-10.20.31-767x541.jpeg 767w, https:\/\/acrj.org.br\/wp-content\/uploads\/2026\/09\/WhatsApp-Image-2026-09-02-at-10.20.31.jpeg 1280w\" sizes=\"(max-width: 1024px) 100vw, 1024px\" \/><button\n\t\t\tclass=\"lightbox-trigger\"\n\t\t\ttype=\"button\"\n\t\t\taria-haspopup=\"dialog\"\n\t\t\tdata-wp-bind--aria-label=\"state.thisImage.triggerButtonAriaLabel\"\n\t\t\tdata-wp-init=\"callbacks.initTriggerButton\"\n\t\t\tdata-wp-on--click=\"actions.showLightbox\"\n\t\t\tdata-wp-style--right=\"state.thisImage.buttonRight\"\n\t\t\tdata-wp-style--top=\"state.thisImage.buttonTop\"\n\t\t>\n\t\t\t<svg xmlns=\"http:\/\/www.w3.org\/2000\/svg\" width=\"12\" height=\"12\" fill=\"none\" viewBox=\"0 0 12 12\">\n\t\t\t\t<path fill=\"#fff\" d=\"M2 0a2 2 0 0 0-2 2v2h1.5V2a.5.5 0 0 1 .5-.5h2V0H2Zm2 10.5H2a.5.5 0 0 1-.5-.5V8H0v2a2 2 0 0 0 2 2h2v-1.5ZM8 12v-1.5h2a.5.5 0 0 0 .5-.5V8H12v2a2 2 0 0 1-2 2H8Zm2-12a2 2 0 0 1 2 2v2h-1.5V2a.5.5 0 0 0-.5-.5H8V0h2Z\" \/>\n\t\t\t<\/svg>\n\t\t<\/button><figcaption class=\"wp-element-caption\"><em>Senador Eduardo Gir\u00e3o<\/em><\/figcaption><\/figure>\n\n\n\n<p class=\"wp-block-paragraph\">O convidado desta edi\u00e7\u00e3o foi o senador Eduardo Gir\u00e3o (NOVO), candidato a vice-presidente na chapa de Romeu Zema. Durante o encontro, realizado na sede da ACRJ, Gir\u00e3o respondeu a perguntas elaboradas pelos presidentes das tr\u00eas entidades: Josier Vilar, da ACRJ; Antonio Florencio de Queiroz Junior, da Fecom\u00e9rcio RJ; e Luiz Cesio Caetano, da Firjan. O jornalista Vin\u00edcius D\u00f4nola foi o moderador.<\/p>\n\n\n\n<figure data-wp-context=\"{&quot;imageId&quot;:&quot;6a9a7746cca42&quot;}\" data-wp-interactive=\"core\/image\" data-wp-key=\"6a9a7746cca42\" class=\"wp-block-image size-large is-resized wp-lightbox-container\"><img decoding=\"async\" width=\"1024\" height=\"576\" data-wp-class--hide=\"state.isContentHidden\" data-wp-class--show=\"state.isContentVisible\" data-wp-init=\"callbacks.setButtonStyles\" data-wp-on--click=\"actions.showLightbox\" data-wp-on--load=\"callbacks.setButtonStyles\" data-wp-on--pointerdown=\"actions.preloadImage\" data-wp-on--pointerenter=\"actions.preloadImageWithDelay\" data-wp-on--pointerleave=\"actions.cancelPreload\" data-wp-on-window--resize=\"callbacks.setButtonStyles\" src=\"https:\/\/acrj.org.br\/wp-content\/uploads\/2026\/09\/josier-1024x576.jpg\" alt=\"\" class=\"wp-image-46705\" style=\"width:500px;height:auto\" srcset=\"https:\/\/acrj.org.br\/wp-content\/uploads\/2026\/09\/josier-1024x576.jpg 1024w, https:\/\/acrj.org.br\/wp-content\/uploads\/2026\/09\/josier-300x169.jpg 300w, https:\/\/acrj.org.br\/wp-content\/uploads\/2026\/09\/josier-766x431.jpg 766w, https:\/\/acrj.org.br\/wp-content\/uploads\/2026\/09\/josier-1536x864.jpg 1536w, https:\/\/acrj.org.br\/wp-content\/uploads\/2026\/09\/josier-2048x1152.jpg 2048w\" sizes=\"(max-width: 1024px) 100vw, 1024px\" \/><button\n\t\t\tclass=\"lightbox-trigger\"\n\t\t\ttype=\"button\"\n\t\t\taria-haspopup=\"dialog\"\n\t\t\tdata-wp-bind--aria-label=\"state.thisImage.triggerButtonAriaLabel\"\n\t\t\tdata-wp-init=\"callbacks.initTriggerButton\"\n\t\t\tdata-wp-on--click=\"actions.showLightbox\"\n\t\t\tdata-wp-style--right=\"state.thisImage.buttonRight\"\n\t\t\tdata-wp-style--top=\"state.thisImage.buttonTop\"\n\t\t>\n\t\t\t<svg xmlns=\"http:\/\/www.w3.org\/2000\/svg\" width=\"12\" height=\"12\" fill=\"none\" viewBox=\"0 0 12 12\">\n\t\t\t\t<path fill=\"#fff\" d=\"M2 0a2 2 0 0 0-2 2v2h1.5V2a.5.5 0 0 1 .5-.5h2V0H2Zm2 10.5H2a.5.5 0 0 1-.5-.5V8H0v2a2 2 0 0 0 2 2h2v-1.5ZM8 12v-1.5h2a.5.5 0 0 0 .5-.5V8H12v2a2 2 0 0 1-2 2H8Zm2-12a2 2 0 0 1 2 2v2h-1.5V2a.5.5 0 0 0-.5-.5H8V0h2Z\" \/>\n\t\t\t<\/svg>\n\t\t<\/button><figcaption class=\"wp-element-caption\"><em>Josier Vilar abriu o encontro<\/em><\/figcaption><\/figure>\n\n\n\n<p class=\"wp-block-paragraph\">Ao abrir o encontro, o presidente Josier Vilar, refor\u00e7ou a import\u00e2ncia da parceria das tr\u00eas institui\u00e7\u00f5es mais representativas do setor produtivo do Rio de Janeiro, Fecom\u00e9rcio RJ e Firjan. \u201cQuero agradecer muit\u00edssimo aos presidentes Antonio Flor\u00eancio, da Fecom\u00e9rcio RJ, e Luiz Caetano, da Firjan, por estarem juntos com a Associa\u00e7\u00e3o Comercial promovendo esses encontros de cidadania. \u00c9 a primeira vez que as tr\u00eas institui\u00e7\u00f5es representativas do ecossistema empresarial se unem para fazer uma discuss\u00e3o dessa magnitude, mostrando que o prop\u00f3sito tem que ser \u00fanico, mesmo com diverg\u00eancia de opini\u00e3o. E tendo um \u00fanico prop\u00f3sito, que \u00e9 o desenvolvimento do Estado do Rio de Janeiro, \u00e9 muito bom que n\u00f3s estejamos sempre juntos e discutindo os temas que s\u00e3o relevantes\u201d, afirmou.<\/p>\n\n\n\n<p class=\"wp-block-paragraph\">Ele tamb\u00e9m agradeceu ao senador Eduardo Gir\u00e3o pela participa\u00e7\u00e3o no encontro para debater ideias para um \u201cBrasil pr\u00f3spero, onde cada um seja livre para &nbsp;empreender, trabalhar, investir e envelhecer; eu agrade\u00e7o \u00e0 democracia que permite esse encontro t\u00e3o pr\u00f3spero para todos.&#8221;<\/p>\n\n\n\n<p class=\"wp-block-paragraph\">Entre os temas abordados estiveram seguran\u00e7a, competitividade, gera\u00e7\u00e3o de empregos, inova\u00e7\u00e3o, educa\u00e7\u00e3o, infraestrutura e fortalecimento dos setores de com\u00e9rcio de bens, servi\u00e7os, turismo e ind\u00fastria, al\u00e9m de quest\u00f5es estrat\u00e9gicas para o desenvolvimento do estado do Rio de Janeiro.<\/p>\n\n\n\n<figure data-wp-context=\"{&quot;imageId&quot;:&quot;6a9a7746cd7b4&quot;}\" data-wp-interactive=\"core\/image\" data-wp-key=\"6a9a7746cd7b4\" class=\"wp-block-image size-large is-resized wp-lightbox-container\"><img decoding=\"async\" width=\"1024\" height=\"678\" data-wp-class--hide=\"state.isContentHidden\" data-wp-class--show=\"state.isContentVisible\" data-wp-init=\"callbacks.setButtonStyles\" data-wp-on--click=\"actions.showLightbox\" data-wp-on--load=\"callbacks.setButtonStyles\" data-wp-on--pointerdown=\"actions.preloadImage\" data-wp-on--pointerenter=\"actions.preloadImageWithDelay\" data-wp-on--pointerleave=\"actions.cancelPreload\" data-wp-on-window--resize=\"callbacks.setButtonStyles\" src=\"https:\/\/acrj.org.br\/wp-content\/uploads\/2026\/09\/WhatsApp-Image-2026-09-02-at-10.50.42-1-1024x678.jpeg\" alt=\"\" class=\"wp-image-46713\" style=\"width:500px;height:auto\" srcset=\"https:\/\/acrj.org.br\/wp-content\/uploads\/2026\/09\/WhatsApp-Image-2026-09-02-at-10.50.42-1-1024x678.jpeg 1024w, https:\/\/acrj.org.br\/wp-content\/uploads\/2026\/09\/WhatsApp-Image-2026-09-02-at-10.50.42-1-300x199.jpeg 300w, https:\/\/acrj.org.br\/wp-content\/uploads\/2026\/09\/WhatsApp-Image-2026-09-02-at-10.50.42-1-767x508.jpeg 767w, https:\/\/acrj.org.br\/wp-content\/uploads\/2026\/09\/WhatsApp-Image-2026-09-02-at-10.50.42-1.jpeg 1232w\" sizes=\"(max-width: 1024px) 100vw, 1024px\" \/><button\n\t\t\tclass=\"lightbox-trigger\"\n\t\t\ttype=\"button\"\n\t\t\taria-haspopup=\"dialog\"\n\t\t\tdata-wp-bind--aria-label=\"state.thisImage.triggerButtonAriaLabel\"\n\t\t\tdata-wp-init=\"callbacks.initTriggerButton\"\n\t\t\tdata-wp-on--click=\"actions.showLightbox\"\n\t\t\tdata-wp-style--right=\"state.thisImage.buttonRight\"\n\t\t\tdata-wp-style--top=\"state.thisImage.buttonTop\"\n\t\t>\n\t\t\t<svg xmlns=\"http:\/\/www.w3.org\/2000\/svg\" width=\"12\" height=\"12\" fill=\"none\" viewBox=\"0 0 12 12\">\n\t\t\t\t<path fill=\"#fff\" d=\"M2 0a2 2 0 0 0-2 2v2h1.5V2a.5.5 0 0 1 .5-.5h2V0H2Zm2 10.5H2a.5.5 0 0 1-.5-.5V8H0v2a2 2 0 0 0 2 2h2v-1.5ZM8 12v-1.5h2a.5.5 0 0 0 .5-.5V8H12v2a2 2 0 0 1-2 2H8Zm2-12a2 2 0 0 1 2 2v2h-1.5V2a.5.5 0 0 0-.5-.5H8V0h2Z\" \/>\n\t\t\t<\/svg>\n\t\t<\/button><\/figure>\n\n\n\n<p class=\"wp-block-paragraph\">Com realiza\u00e7\u00e3o conjunta de ACRJ, Fecom\u00e9rcio RJ e Firjan, o Rio pelo Brasil busca proporcionar um ambiente plural, democr\u00e1tico e apartid\u00e1rio para que candidatos \u00e0 Presid\u00eancia e \u00e0 Vice-Presid\u00eancia apresentem suas vis\u00f5es, propostas e prioridades para o futuro do pa\u00eds, contribuindo para ampliar o debate sobre os principais desafios da economia e do setor produtivo brasileiro.<\/p>\n\n\n\n<p class=\"wp-block-paragraph\"><strong>O evento na \u00edntegra est\u00e1 dispon\u00edvel no Canal ACRJ Divulga.<\/strong>&nbsp;<strong><a href=\"https:\/\/youtu.be\/jL2_-xtn0QU\">Acesse aqui<\/a><\/strong><\/p>\n\n\n\n<p class=\"wp-block-paragraph\"><strong>Confira imagens do encontro <a href=\"https:\/\/drive.google.com\/drive\/folders\/117jM5S0_AB8C2VEKAFwppALh8H-4iSH6\">aqui<\/a><\/strong><\/p>\n\n\n\n<p class=\"wp-block-paragraph\">Fotos: Estefan Radovicz<\/p>\n","protected":false},"excerpt":{"rendered":"<p>A Associa\u00e7\u00e3o Comercial do Rio de Janeiro (ACRJ), a Fecom\u00e9rcio RJ e a Firjan promoveram, nesta quarta-feira (2\/09), mais um encontro do projeto Rio pelo&hellip;<\/p>\n","protected":false},"author":3,"featured_media":46703,"comment_status":"closed","ping_status":"closed","sticky":false,"template":"","format":"standard","meta":{"_exactmetrics_skip_tracking":false,"_customify_content_layout":"","_customify_sidebar":"","_customify_page_header_display":"","_customify_disable_header":"","_customify_disable_header_top":"","_customify_disable_header_main":"","_customify_disable_header_bottom":"","_customify_disable_page_title":"","_customify_disable_content_vertical_padding":"","_customify_disable_footer_top":"","_customify_disable_footer_main":"","_customify_disable_footer_bottom":"","_customify_breadcrumb_display":"","_customify_header_transparent_display":"","footnotes":""},"categories":[6,10],"tags":[],"class_list":["post-46700","post","type-post","status-publish","format-standard","has-post-thumbnail","hentry","category-destaque_noticias","category-noticias"],"_links":{"self":[{"href":"https:\/\/acrj.org.br\/index.php\/wp-json\/wp\/v2\/posts\/46700","targetHints":{"allow":["GET"]}}],"collection":[{"href":"https:\/\/acrj.org.br\/index.php\/wp-json\/wp\/v2\/posts"}],"about":[{"href":"https:\/\/acrj.org.br\/index.php\/wp-json\/wp\/v2\/types\/post"}],"author":[{"embeddable":true,"href":"https:\/\/acrj.org.br\/index.php\/wp-json\/wp\/v2\/users\/3"}],"replies":[{"embeddable":true,"href":"https:\/\/acrj.org.br\/index.php\/wp-json\/wp\/v2\/comments?post=46700"}],"version-history":[{"count":8,"href":"https:\/\/acrj.org.br\/index.php\/wp-json\/wp\/v2\/posts\/46700\/revisions"}],"predecessor-version":[{"id":46721,"href":"https:\/\/acrj.org.br\/index.php\/wp-json\/wp\/v2\/posts\/46700\/revisions\/46721"}],"wp:featuredmedia":[{"embeddable":true,"href":"https:\/\/acrj.org.br\/index.php\/wp-json\/wp\/v2\/media\/46703"}],"wp:attachment":[{"href":"https:\/\/acrj.org.br\/index.php\/wp-json\/wp\/v2\/media?parent=46700"}],"wp:term":[{"taxonomy":"category","embeddable":true,"href":"https:\/\/acrj.org.br\/index.php\/wp-json\/wp\/v2\/categories?post=46700"},{"taxonomy":"post_tag","embeddable":true,"href":"https:\/\/acrj.org.br\/index.php\/wp-json\/wp\/v2\/tags?post=46700"}],"curies":[{"name":"wp","href":"https:\/\/api.w.org\/{rel}","templated":true}]}}