{"id":4606,"date":"2020-07-08T16:03:55","date_gmt":"2020-07-08T19:03:55","guid":{"rendered":"https:\/\/acrj.org.br\/?p=4606"},"modified":"2020-07-08T16:46:27","modified_gmt":"2020-07-08T19:46:27","slug":"o-judiciario-no-novo-normal-live-que-sera-mediada-por-decio-freire","status":"publish","type":"post","link":"https:\/\/acrj.org.br\/index.php\/2020\/07\/08\/o-judiciario-no-novo-normal-live-que-sera-mediada-por-decio-freire\/","title":{"rendered":"O Judici\u00e1rio no Novo Normal, live que ser\u00e1 mediada por D\u00e9cio Freire"},"content":{"rendered":"\n<p><\/p>\n\n\n\n<p>O presidente do Conselho Empresarial Jur\u00eddico e Estrat\u00e9gico da ACRJ, D\u00e9cio Freire, ser\u00e1 o mediador da live sobre &#8220;O Judici\u00e1rio no Novo Normal &#8211; A tecnologia como instrumento para a desjudicializa\u00e7\u00e3o&#8221;. Ser\u00e1 nesta quinta-feira, dia 9\/7, \u00e0s 18h, com a presen\u00e7a dos ministros do STJ, Ricardo Villas Boas Cueva, Lu\u00eds Felipe Salom\u00e3o e Benedito Gon\u00e7alves.<\/p>\n\n\n\n<p>Para participar basta acessar: <a href=\"https:\/\/www.youtube.com\/channel\/UCgBGOtQ0szlucXk-MtzBOSA\">https:\/\/rebrand.ly\/Live_Ministros_STJ_O_judiciario_e_o_novo_normal<\/a><\/p>\n","protected":false},"excerpt":{"rendered":"<p>O presidente do Conselho Empresarial Jur\u00eddico e Estrat\u00e9gico da ACRJ, D\u00e9cio Freire, ser\u00e1 o mediador da live sobre &#8220;O Judici\u00e1rio no Novo Normal &#8211; A&hellip;<\/p>\n","protected":false},"author":3,"featured_media":4613,"comment_status":"closed","ping_status":"open","sticky":false,"template":"","format":"standard","meta":{"_exactmetrics_skip_tracking":false,"_exactmetrics_sitenote_active":false,"_exactmetrics_sitenote_note":"","_exactmetrics_sitenote_category":0,"footnotes":""},"categories":[10],"tags":[],"class_list":["post-4606","post","type-post","status-publish","format-standard","has-post-thumbnail","hentry","category-noticias"],"_links":{"self":[{"href":"https:\/\/acrj.org.br\/index.php\/wp-json\/wp\/v2\/posts\/4606","targetHints":{"allow":["GET"]}}],"collection":[{"href":"https:\/\/acrj.org.br\/index.php\/wp-json\/wp\/v2\/posts"}],"about":[{"href":"https:\/\/acrj.org.br\/index.php\/wp-json\/wp\/v2\/types\/post"}],"author":[{"embeddable":true,"href":"https:\/\/acrj.org.br\/index.php\/wp-json\/wp\/v2\/users\/3"}],"replies":[{"embeddable":true,"href":"https:\/\/acrj.org.br\/index.php\/wp-json\/wp\/v2\/comments?post=4606"}],"version-history":[{"count":0,"href":"https:\/\/acrj.org.br\/index.php\/wp-json\/wp\/v2\/posts\/4606\/revisions"}],"wp:featuredmedia":[{"embeddable":true,"href":"https:\/\/acrj.org.br\/index.php\/wp-json\/wp\/v2\/media\/4613"}],"wp:attachment":[{"href":"https:\/\/acrj.org.br\/index.php\/wp-json\/wp\/v2\/media?parent=4606"}],"wp:term":[{"taxonomy":"category","embeddable":true,"href":"https:\/\/acrj.org.br\/index.php\/wp-json\/wp\/v2\/categories?post=4606"},{"taxonomy":"post_tag","embeddable":true,"href":"https:\/\/acrj.org.br\/index.php\/wp-json\/wp\/v2\/tags?post=4606"}],"curies":[{"name":"wp","href":"https:\/\/api.w.org\/{rel}","templated":true}]}}