{"id":4481,"date":"2020-06-25T14:55:05","date_gmt":"2020-06-25T17:55:05","guid":{"rendered":"https:\/\/acrj.org.br\/?p=4481"},"modified":"2020-06-25T17:23:41","modified_gmt":"2020-06-25T20:23:41","slug":"david-zylbersztajn-e-o-proximo-convidado-do-webinar-da-acrj-dia-29-6","status":"publish","type":"post","link":"https:\/\/acrj.org.br\/index.php\/2020\/06\/25\/david-zylbersztajn-e-o-proximo-convidado-do-webinar-da-acrj-dia-29-6\/","title":{"rendered":"David Zylbersztajn \u00e9 o pr\u00f3ximo convidado do webinar da ACRJ, dia 29\/6"},"content":{"rendered":"\n<p>O presidente do Conselho de Administra\u00e7\u00e3o da Light S.A, David Zylbersztajn, vai falar sobre energia p\u00f3s-pandemia no webinar promovido pela ACRJ dia 29\/6, \u00e0s 17h.<\/p>\n\n\n\n<p>Zylbersztajn foi diretor-geral da Ag\u00eancia Nacional do Petr\u00f3leo &#8211; ANP e presidente dos Conselhos de Administra\u00e7\u00e3o da Eletropaulo, CESP, CPFL, Comg\u00e1s, entre outras empresas. Atualmente, tamb\u00e9m \u00e9 professor da PUC-RJ e coordenador do MBE em Energia.<\/p>\n\n\n\n<p>O webinar ser\u00e1 transmitido pelo zoom: <\/p>\n\n\n\n<p><a href=\"https:\/\/zoom.us\/webinar\/register\/WN_3rHcZSkXRjSj0zCPYIzYxw\">https:\/\/zoom.us\/webinar\/register\/WN_3rHcZSkXRjSj0zCPYIzYxw<\/a><\/p>\n\n\n\n<p>E pelo YouTube: <a href=\"https:\/\/youtu.be\/EM-fc97AD2k\">https:\/\/youtu.be\/EM-fc97AD2k<\/a><\/p>\n\n\n\n<p>Outras informa\u00e7\u00f5es: 2514-1206\/1280 ou pelo email: eventos@acrj.org.br<\/p>\n","protected":false},"excerpt":{"rendered":"<p>O presidente do Conselho de Administra\u00e7\u00e3o da Light S.A, David Zylbersztajn, vai falar sobre energia p\u00f3s-pandemia no webinar promovido pela ACRJ dia 29\/6, \u00e0s 17h.&hellip;<\/p>\n","protected":false},"author":3,"featured_media":4484,"comment_status":"closed","ping_status":"open","sticky":false,"template":"","format":"standard","meta":{"_exactmetrics_skip_tracking":false,"_exactmetrics_sitenote_active":false,"_exactmetrics_sitenote_note":"","_exactmetrics_sitenote_category":0,"footnotes":""},"categories":[6],"tags":[],"class_list":["post-4481","post","type-post","status-publish","format-standard","has-post-thumbnail","hentry","category-destaque_noticias"],"_links":{"self":[{"href":"https:\/\/acrj.org.br\/index.php\/wp-json\/wp\/v2\/posts\/4481","targetHints":{"allow":["GET"]}}],"collection":[{"href":"https:\/\/acrj.org.br\/index.php\/wp-json\/wp\/v2\/posts"}],"about":[{"href":"https:\/\/acrj.org.br\/index.php\/wp-json\/wp\/v2\/types\/post"}],"author":[{"embeddable":true,"href":"https:\/\/acrj.org.br\/index.php\/wp-json\/wp\/v2\/users\/3"}],"replies":[{"embeddable":true,"href":"https:\/\/acrj.org.br\/index.php\/wp-json\/wp\/v2\/comments?post=4481"}],"version-history":[{"count":0,"href":"https:\/\/acrj.org.br\/index.php\/wp-json\/wp\/v2\/posts\/4481\/revisions"}],"wp:featuredmedia":[{"embeddable":true,"href":"https:\/\/acrj.org.br\/index.php\/wp-json\/wp\/v2\/media\/4484"}],"wp:attachment":[{"href":"https:\/\/acrj.org.br\/index.php\/wp-json\/wp\/v2\/media?parent=4481"}],"wp:term":[{"taxonomy":"category","embeddable":true,"href":"https:\/\/acrj.org.br\/index.php\/wp-json\/wp\/v2\/categories?post=4481"},{"taxonomy":"post_tag","embeddable":true,"href":"https:\/\/acrj.org.br\/index.php\/wp-json\/wp\/v2\/tags?post=4481"}],"curies":[{"name":"wp","href":"https:\/\/api.w.org\/{rel}","templated":true}]}}