{"id":4417,"date":"2020-06-17T15:34:20","date_gmt":"2020-06-17T18:34:20","guid":{"rendered":"https:\/\/acrj.org.br\/?p=4417"},"modified":"2020-06-18T13:33:22","modified_gmt":"2020-06-18T16:33:22","slug":"cultura-enfrenta-serie-de-desafios-para-novas-producoes-protocolos-sanitarios-e-manutencao-de-acervos","status":"publish","type":"post","link":"https:\/\/acrj.org.br\/index.php\/2020\/06\/17\/cultura-enfrenta-serie-de-desafios-para-novas-producoes-protocolos-sanitarios-e-manutencao-de-acervos\/","title":{"rendered":"Cultura ter\u00e1 novos desafios no retorno \u00e0 normalidade"},"content":{"rendered":"\n<p>A \u00e1rea cultural, uma das mais atingidas com a pandemia da Covid-19, ter\u00e1 que se reinventar e buscar solu\u00e7\u00f5es que atendam a todos. Para isso, h\u00e1 uma s\u00e9rie de desafios que precisar\u00e3o ser enfrentados, tais como: protocolos sanit\u00e1rios para reabertura dos espa\u00e7os culturais; manuten\u00e7\u00e3o dos acervos, inclusive dos museus; investimentos e realiza\u00e7\u00e3o de novas produ\u00e7\u00f5es.<\/p>\n\n\n\n<p>Os assuntos foram abordados em mais uma reuni\u00e3o virtual do Conselho Empresarial de Assuntos Culturais da ACRJ, nessa quarta, 10 de junho. Segundo eles, o coronav\u00edrus trouxe novos desafios e a tecnologia e a criatividade se transformaram em aliados fundamentais nesse per\u00edodo.<\/p>\n\n\n\n<p>\u201cOs planejamentos, que seriam colocados em pr\u00e1tica ao longo de seis meses, aconteceram antes, na segunda quinzena de mar\u00e7o, in\u00edcio do isolamento social. Esses planejamentos ter\u00e3o que ser repensados e vamos precisar olhar para todos os teles, como teletrabalho\u201d, argumentou o presidente do Conselho Empresarial de Inova\u00e7\u00e3o, Comunica\u00e7\u00e3o e Tecnologia da ACRJ, Alberto Blois. Para o presidente, que foi convidado especial do encontro, em algum momento a situa\u00e7\u00e3o vai voltar ao normal. \u201cO novo normal est\u00e1 usando a tecnologia para a realiza\u00e7\u00e3o de trabalhos, de produ\u00e7\u00f5es. A tecnologia, a inform\u00e1tica, \u00e9 transversal. \u00c9 simplesmente uma ferramenta e n\u00e3o uma atividade fim. Temos que saber us\u00e1-la de modo eficaz\u201d, alertou Blois.<\/p>\n\n\n\n<p>E \u00e9 o planejamento da abertura dos espa\u00e7os culturais que tem tamb\u00e9m preocupado o setor. De acordo com os conselheiros, os museus, por exemplo, est\u00e3o disponibilizando seus acervos para visitas virtuais, mas a manuten\u00e7\u00e3o presencial dos mesmos ainda \u00e9 um desafio por causa da quarentena dos pr\u00f3prios funcion\u00e1rios.<\/p>\n\n\n\n<p>O conselheiro Steve Solot, que tamb\u00e9m \u00e9 respons\u00e1vel pela Pol\u00edtica de Produ\u00e7\u00e3o Regional da Am\u00e9rica Latina, Espanha e Portugal da Netflix, contou que a experi\u00eancia, com a pandemia, \u00e9 diferente para a provedora global de filmes e s\u00e9rie de televis\u00e3o via streaming. \u201cTudo foi impactado com a Covid-19, mas continuamos recebendo conte\u00fado do mundo inteiro e nossa demanda aumentou. O nosso desafio \u00e9 a produ\u00e7\u00e3o, j\u00e1 que algumas est\u00e3o paradas e novas s\u00e9ries ainda n\u00e3o t\u00eam data definida. Depende dos protocolos sanit\u00e1rios de cada pa\u00eds, j\u00e1 que h\u00e1 aumento dos custos das produ\u00e7\u00f5es. No Brasil, o protocolo est\u00e1 um pouco atrasado em rela\u00e7\u00e3o a alguns pa\u00edses, inclusive da Am\u00e9rica Latina\u201d, informou.<\/p>\n\n\n\n<p>Outra preocupa\u00e7\u00e3o \u00e9 com a produ\u00e7\u00e3o digital, que tem tudo para ser intensificada e pode ser uma sa\u00edda para as artes. No entanto, \u00e9 cara para a promo\u00e7\u00e3o de conte\u00fados de qualidade. Os conselheiros avaliaram tamb\u00e9m a possibilidade de espet\u00e1culos com realidade virtual. \u201c\u00c9 uma alternativa. Entretanto, como fica a situa\u00e7\u00e3o do dono da sala de espet\u00e1culo? Um problema que envolve quest\u00f5es comerciais, mesmo com o uso de toda a tecnologia\u201d, ressaltou Vera Tostes, presidente do Conselho Empresarial de Assuntos Culturais.<\/p>\n\n\n\n<p>Na abertura do encontro, conselheiros e convidados fizeram uma homenagem aos artistas e personalidades que faleceram durante a pandemia. Entre eles, o compositor Aldir Blanc, os escritores Garcia Roza e S\u00e9rgio Sant\u2019Anna, o romancista Rubem Fonseca, o ator Fl\u00e1vio Migliaccio, o acad\u00eamico Murilo Melo Filho, o cantor Moraes Moreira, o economista Carlos Lessa, o jornalista Gilberto Dimestein e o teatr\u00f3logo e cineasta Jesus Chediak.<\/p>\n","protected":false},"excerpt":{"rendered":"<p>A \u00e1rea cultural, uma das mais atingidas com a pandemia da Covid-19, ter\u00e1 que se reinventar e buscar solu\u00e7\u00f5es que atendam a todos. Para isso,&hellip;<\/p>\n","protected":false},"author":3,"featured_media":4418,"comment_status":"closed","ping_status":"open","sticky":false,"template":"","format":"standard","meta":{"_exactmetrics_skip_tracking":false,"_exactmetrics_sitenote_active":false,"_exactmetrics_sitenote_note":"","_exactmetrics_sitenote_category":0,"footnotes":""},"categories":[10],"tags":[],"class_list":["post-4417","post","type-post","status-publish","format-standard","has-post-thumbnail","hentry","category-noticias"],"_links":{"self":[{"href":"https:\/\/acrj.org.br\/index.php\/wp-json\/wp\/v2\/posts\/4417","targetHints":{"allow":["GET"]}}],"collection":[{"href":"https:\/\/acrj.org.br\/index.php\/wp-json\/wp\/v2\/posts"}],"about":[{"href":"https:\/\/acrj.org.br\/index.php\/wp-json\/wp\/v2\/types\/post"}],"author":[{"embeddable":true,"href":"https:\/\/acrj.org.br\/index.php\/wp-json\/wp\/v2\/users\/3"}],"replies":[{"embeddable":true,"href":"https:\/\/acrj.org.br\/index.php\/wp-json\/wp\/v2\/comments?post=4417"}],"version-history":[{"count":0,"href":"https:\/\/acrj.org.br\/index.php\/wp-json\/wp\/v2\/posts\/4417\/revisions"}],"wp:featuredmedia":[{"embeddable":true,"href":"https:\/\/acrj.org.br\/index.php\/wp-json\/wp\/v2\/media\/4418"}],"wp:attachment":[{"href":"https:\/\/acrj.org.br\/index.php\/wp-json\/wp\/v2\/media?parent=4417"}],"wp:term":[{"taxonomy":"category","embeddable":true,"href":"https:\/\/acrj.org.br\/index.php\/wp-json\/wp\/v2\/categories?post=4417"},{"taxonomy":"post_tag","embeddable":true,"href":"https:\/\/acrj.org.br\/index.php\/wp-json\/wp\/v2\/tags?post=4417"}],"curies":[{"name":"wp","href":"https:\/\/api.w.org\/{rel}","templated":true}]}}