{"id":4380,"date":"2020-06-15T10:42:23","date_gmt":"2020-06-15T13:42:23","guid":{"rendered":"https:\/\/acrj.org.br\/?p=4380"},"modified":"2020-06-19T12:15:36","modified_gmt":"2020-06-19T15:15:36","slug":"braga-netto-participa-de-webinar-da-acrj","status":"publish","type":"post","link":"https:\/\/acrj.org.br\/index.php\/2020\/06\/15\/braga-netto-participa-de-webinar-da-acrj\/","title":{"rendered":"Braga Netto participa de webinar da ACRJ"},"content":{"rendered":"\n<p>O ministro-chefe da Casa Civil, Braga Netto, participa nesta 3\u00aa feira (16\/6), \u00e0s 11h, junto com a presidente da ACRJ, Angela Costa, da webinar promovida pela Associa\u00e7\u00e3o Comercial. Ele vai falar sobre a Casa Civil como centro de Governo e os desafios do Brasil na p\u00f3s-pandemia<br>A webinar ser\u00e1 transmitida pelo zoom: <a href=\"https:\/\/zoom.us\/webinar\/register\/WN_8OVNJe5iS4ao1Aib8RQ8nw\">https:\/\/zoom.us\/webinar\/register\/WN_8OVNJe5iS4ao1Aib8RQ8nw<\/a><br>E pelo Youtube: <a href=\"https:\/\/youtu.be\/X3buMkNjeiM\">https:\/\/youtu.be\/X3buMkNjeiM<\/a><\/p>\n\n\n\n<p>Outras informa\u00e7\u00f5es: 2514-1206 ou pelo email: eventos@acrj.org.br<\/p>\n","protected":false},"excerpt":{"rendered":"<p>O ministro-chefe da Casa Civil, Braga Netto, participa nesta 3\u00aa feira (16\/6), \u00e0s 11h, junto com a presidente da ACRJ, Angela Costa, da webinar promovida&hellip;<\/p>\n","protected":false},"author":3,"featured_media":4390,"comment_status":"closed","ping_status":"open","sticky":false,"template":"","format":"standard","meta":{"_exactmetrics_skip_tracking":false,"_exactmetrics_sitenote_active":false,"_exactmetrics_sitenote_note":"","_exactmetrics_sitenote_category":0,"footnotes":""},"categories":[10],"tags":[],"class_list":["post-4380","post","type-post","status-publish","format-standard","has-post-thumbnail","hentry","category-noticias"],"_links":{"self":[{"href":"https:\/\/acrj.org.br\/index.php\/wp-json\/wp\/v2\/posts\/4380","targetHints":{"allow":["GET"]}}],"collection":[{"href":"https:\/\/acrj.org.br\/index.php\/wp-json\/wp\/v2\/posts"}],"about":[{"href":"https:\/\/acrj.org.br\/index.php\/wp-json\/wp\/v2\/types\/post"}],"author":[{"embeddable":true,"href":"https:\/\/acrj.org.br\/index.php\/wp-json\/wp\/v2\/users\/3"}],"replies":[{"embeddable":true,"href":"https:\/\/acrj.org.br\/index.php\/wp-json\/wp\/v2\/comments?post=4380"}],"version-history":[{"count":0,"href":"https:\/\/acrj.org.br\/index.php\/wp-json\/wp\/v2\/posts\/4380\/revisions"}],"wp:featuredmedia":[{"embeddable":true,"href":"https:\/\/acrj.org.br\/index.php\/wp-json\/wp\/v2\/media\/4390"}],"wp:attachment":[{"href":"https:\/\/acrj.org.br\/index.php\/wp-json\/wp\/v2\/media?parent=4380"}],"wp:term":[{"taxonomy":"category","embeddable":true,"href":"https:\/\/acrj.org.br\/index.php\/wp-json\/wp\/v2\/categories?post=4380"},{"taxonomy":"post_tag","embeddable":true,"href":"https:\/\/acrj.org.br\/index.php\/wp-json\/wp\/v2\/tags?post=4380"}],"curies":[{"name":"wp","href":"https:\/\/api.w.org\/{rel}","templated":true}]}}