{"id":4331,"date":"2020-06-08T18:34:11","date_gmt":"2020-06-08T21:34:11","guid":{"rendered":"https:\/\/acrj.org.br\/?p=4331"},"modified":"2020-06-23T15:36:12","modified_gmt":"2020-06-23T18:36:12","slug":"juiz-suspende-flexibilizacao-no-rio","status":"publish","type":"post","link":"https:\/\/acrj.org.br\/index.php\/2020\/06\/08\/juiz-suspende-flexibilizacao-no-rio\/","title":{"rendered":"Justi\u00e7a suspende retomada no Rio de Janeiro"},"content":{"rendered":"\t\t<div data-elementor-type=\"wp-post\" data-elementor-id=\"4331\" class=\"elementor elementor-4331\" data-elementor-post-type=\"post\">\n\t\t\t\t\t\t<section class=\"elementor-section elementor-top-section elementor-element elementor-element-2fe05bcc elementor-section-boxed elementor-section-height-default elementor-section-height-default\" data-id=\"2fe05bcc\" data-element_type=\"section\" data-e-type=\"section\">\n\t\t\t\t\t\t<div class=\"elementor-container elementor-column-gap-default\">\n\t\t\t\t\t<div class=\"elementor-column elementor-col-100 elementor-top-column elementor-element elementor-element-55af2756\" data-id=\"55af2756\" data-element_type=\"column\" data-e-type=\"column\">\n\t\t\t<div class=\"elementor-widget-wrap elementor-element-populated\">\n\t\t\t\t\t\t<div class=\"elementor-element elementor-element-352079e2 elementor-widget elementor-widget-text-editor\" data-id=\"352079e2\" data-element_type=\"widget\" data-e-type=\"widget\" data-widget_type=\"text-editor.default\">\n\t\t\t\t<div class=\"elementor-widget-container\">\n\t\t\t\t\t\t\t\t\t<p><\/p>\n<p>Os decretos do Governo do Estado e da Prefeitura do Rio que relaxavam o isolamento social foram suspensos pelo juiz Bruno Bodart, da 7\u00aa Vara de Fazenda P\u00fablica da capital. Uma Audi\u00eancia P\u00fablica est\u00e1 marcada para o dia 10 de junho para reavaliar uma nova flexibiliza\u00e7\u00e3o. Participam desta audi\u00eancia, representantes do Minist\u00e9rio P\u00fablico do estado, do Governo estadual e da Prefeitura. Saiba mais no <a href=\"https:\/\/acrj.org.br\/index.php\/2020\/06\/08\/governador-do-rio-libera-atividades-no-estado-de-emergencia-pela-covid-19\/\">artigo<\/a> da Conselheira da ACRJ.<\/p>\n<p>Abaixo, a \u00edntegra da decis\u00e3o da Justi\u00e7a.<\/p>\n<p><a href=\"https:\/\/acrj.org.br\/wp-content\/uploads\/2020\/06\/decisa\u0303o-acp-estado.pdf\">decisa\u0303o acp estado<\/a><\/p>\n<p><\/p>\t\t\t\t\t\t\t\t<\/div>\n\t\t\t\t<\/div>\n\t\t\t\t\t<\/div>\n\t\t<\/div>\n\t\t\t\t\t<\/div>\n\t\t<\/section>\n\t\t\t\t<\/div>\n\t\t","protected":false},"excerpt":{"rendered":"<p>Os decretos do Governo do Estado e da Prefeitura do Rio que relaxavam o isolamento social foram suspensos pelo juiz Bruno Bodart, da 7\u00aa Vara&hellip;<\/p>\n","protected":false},"author":3,"featured_media":4334,"comment_status":"closed","ping_status":"closed","sticky":false,"template":"","format":"standard","meta":{"_exactmetrics_skip_tracking":false,"_exactmetrics_sitenote_active":false,"_exactmetrics_sitenote_note":"","_exactmetrics_sitenote_category":0,"footnotes":""},"categories":[1],"tags":[],"class_list":["post-4331","post","type-post","status-publish","format-standard","has-post-thumbnail","hentry","category-sem-categoria"],"_links":{"self":[{"href":"https:\/\/acrj.org.br\/index.php\/wp-json\/wp\/v2\/posts\/4331","targetHints":{"allow":["GET"]}}],"collection":[{"href":"https:\/\/acrj.org.br\/index.php\/wp-json\/wp\/v2\/posts"}],"about":[{"href":"https:\/\/acrj.org.br\/index.php\/wp-json\/wp\/v2\/types\/post"}],"author":[{"embeddable":true,"href":"https:\/\/acrj.org.br\/index.php\/wp-json\/wp\/v2\/users\/3"}],"replies":[{"embeddable":true,"href":"https:\/\/acrj.org.br\/index.php\/wp-json\/wp\/v2\/comments?post=4331"}],"version-history":[{"count":0,"href":"https:\/\/acrj.org.br\/index.php\/wp-json\/wp\/v2\/posts\/4331\/revisions"}],"wp:featuredmedia":[{"embeddable":true,"href":"https:\/\/acrj.org.br\/index.php\/wp-json\/wp\/v2\/media\/4334"}],"wp:attachment":[{"href":"https:\/\/acrj.org.br\/index.php\/wp-json\/wp\/v2\/media?parent=4331"}],"wp:term":[{"taxonomy":"category","embeddable":true,"href":"https:\/\/acrj.org.br\/index.php\/wp-json\/wp\/v2\/categories?post=4331"},{"taxonomy":"post_tag","embeddable":true,"href":"https:\/\/acrj.org.br\/index.php\/wp-json\/wp\/v2\/tags?post=4331"}],"curies":[{"name":"wp","href":"https:\/\/api.w.org\/{rel}","templated":true}]}}