{"id":4275,"date":"2020-06-02T17:42:52","date_gmt":"2020-06-02T20:42:52","guid":{"rendered":"https:\/\/acrj.org.br\/?p=4275"},"modified":"2023-01-06T02:32:08","modified_gmt":"2023-01-06T05:32:08","slug":"especialistas-do-setor-de-energia-sao-contra-reajuste-tarifario-nesse-momento","status":"publish","type":"post","link":"https:\/\/acrj.org.br\/index.php\/2020\/06\/02\/especialistas-do-setor-de-energia-sao-contra-reajuste-tarifario-nesse-momento\/","title":{"rendered":"Especialistas do setor de energia s\u00e3o contra reajuste tarif\u00e1rio nesse momento"},"content":{"rendered":"\n<p>Os efeitos da pandemia, causada pela Covid-19, n\u00e3o podem recair nas contas dos consumidores. A opini\u00e3o \u00e9 de especialistas do setor el\u00e9trico que participaram da reuni\u00e3o virtual do Conselho Empresarial de&nbsp;Energia&nbsp;da ACRJ, entre eles os presidentes&nbsp;da Abradee (Associa\u00e7\u00e3o Brasileira de Distribuidores de&nbsp;Energia&nbsp;El\u00e9trica), Marcos Madureira, e da Abrace (Associa\u00e7\u00e3o Brasileira de Grandes Consumidores Industriais de&nbsp;Energia&nbsp;e Consumidores Livres), Paulo Pedrosa.<\/p>\n\n\n\n<p>Segundo eles, o setor tem que estar protegido, mas n\u00e3o isolado, e precisa enfrentar a crise buscando novos investimentos que n\u00e3o sejam alinhados com os velhos modelos existentes do segmento. \u201cO setor el\u00e9trico n\u00e3o morre de coronav\u00edrus, mas pode morrer por outros problemas, como os estruturais, as inefici\u00eancias e em fun\u00e7\u00e3o da carga tribut\u00e1ria, por exemplo\u201d, afirmou Paulo Pedrosa.<\/p>\n\n\n\n<p>Para o presidente da Abrace, as dificuldades do segmento s\u00e3o maiores que a pandemia e lembrou que a&nbsp;energia&nbsp;no Brasil \u00e9 barata enquanto as contas s\u00e3o caras. O presidente da Abradee refor\u00e7ou que o setor de distribui\u00e7\u00e3o \u00e9 a entrada do canal de recursos do sistema el\u00e9trico e que, nessa hora, mesmo com a queda de receita e o aumento da inadimpl\u00eancia, n\u00e3o deve haver reajuste de tarifas.<\/p>\n\n\n\n<p>\u201cN\u00e3o \u00e9 o momento de reajustar tarifas. T\u00eam empresas que tentaram e seus pedidos de reajustes foram negados. Todos t\u00eam que fazer a sua parte, dar sua contribui\u00e7\u00e3o e manter um custo de&nbsp;energia&nbsp;razo\u00e1vel\u201d, defendeu Marcos Madureira. A presidente do Conselho Empresarial de&nbsp;Energia&nbsp;da ACRJ, Joisa Dutra, declarou que \u201cestamos beirando ao esgotamento de fazer pol\u00edtica \u00e0 custa do consumidor\u201d. Segundo ela, todos necessitam ter responsabilidade, empresas e usu\u00e1rios.<\/p>\n\n\n\n<p>De acordo com os especialistas, a pandemia tende a agravar os problemas tarif\u00e1rios, n\u00e3o s\u00f3 por causa da inadimpl\u00eancia, mas tamb\u00e9m pelas distor\u00e7\u00f5es e os comportamentos oportunistas, que em nada beneficiam o setor el\u00e9trico. Eles informaram que, hoje, n\u00e3o h\u00e1 problemas de restri\u00e7\u00e3o no fornecimento, j\u00e1 que o parque gerador est\u00e1 funcionando normalmente e tem mais&nbsp;energia&nbsp;do que demanda.<\/p>\n\n\n\n<p>Durante a reuni\u00e3o, defenderam ainda mais di\u00e1logo do setor, abertura de canais t\u00e9cnicos objetivos, inclusive com o Legislativo, e prestigiar institui\u00e7\u00f5es, como a ACRJ, que podem contribuir para os avan\u00e7os do sistema el\u00e9trico brasileiro. Eles lembraram que a crise do coronav\u00edrus reduziu o consumo de&nbsp;energia&nbsp;el\u00e9trica no pa\u00eds, desde 18 de marco, em 14%, se comparado ao mesmo per\u00edodo de 2019. Esse resultado se deve em fun\u00e7\u00e3o da diminui\u00e7\u00e3o ou paralisa\u00e7\u00e3o de muitas ind\u00fastrias, com\u00e9rcio e prestadores de servi\u00e7os. A inadimpl\u00eancia aumentou em torno de 10%, com rela\u00e7\u00e3o ao mesmo ciclo do ano passado.<\/p>\n","protected":false},"excerpt":{"rendered":"<p>Os efeitos da pandemia, causada pela Covid-19, n\u00e3o podem recair nas contas dos consumidores. A opini\u00e3o \u00e9 de especialistas do setor el\u00e9trico que participaram da&hellip;<\/p>\n","protected":false},"author":3,"featured_media":4278,"comment_status":"closed","ping_status":"closed","sticky":false,"template":"","format":"standard","meta":{"_exactmetrics_skip_tracking":false,"_exactmetrics_sitenote_active":false,"_exactmetrics_sitenote_note":"","_exactmetrics_sitenote_category":0,"footnotes":""},"categories":[10],"tags":[],"class_list":["post-4275","post","type-post","status-publish","format-standard","has-post-thumbnail","hentry","category-noticias"],"_links":{"self":[{"href":"https:\/\/acrj.org.br\/index.php\/wp-json\/wp\/v2\/posts\/4275","targetHints":{"allow":["GET"]}}],"collection":[{"href":"https:\/\/acrj.org.br\/index.php\/wp-json\/wp\/v2\/posts"}],"about":[{"href":"https:\/\/acrj.org.br\/index.php\/wp-json\/wp\/v2\/types\/post"}],"author":[{"embeddable":true,"href":"https:\/\/acrj.org.br\/index.php\/wp-json\/wp\/v2\/users\/3"}],"replies":[{"embeddable":true,"href":"https:\/\/acrj.org.br\/index.php\/wp-json\/wp\/v2\/comments?post=4275"}],"version-history":[{"count":0,"href":"https:\/\/acrj.org.br\/index.php\/wp-json\/wp\/v2\/posts\/4275\/revisions"}],"wp:featuredmedia":[{"embeddable":true,"href":"https:\/\/acrj.org.br\/index.php\/wp-json\/wp\/v2\/media\/4278"}],"wp:attachment":[{"href":"https:\/\/acrj.org.br\/index.php\/wp-json\/wp\/v2\/media?parent=4275"}],"wp:term":[{"taxonomy":"category","embeddable":true,"href":"https:\/\/acrj.org.br\/index.php\/wp-json\/wp\/v2\/categories?post=4275"},{"taxonomy":"post_tag","embeddable":true,"href":"https:\/\/acrj.org.br\/index.php\/wp-json\/wp\/v2\/tags?post=4275"}],"curies":[{"name":"wp","href":"https:\/\/api.w.org\/{rel}","templated":true}]}}