{"id":42443,"date":"2026-03-27T16:19:56","date_gmt":"2026-03-27T19:19:56","guid":{"rendered":"https:\/\/acrj.org.br\/?p=42443"},"modified":"2026-03-30T12:38:51","modified_gmt":"2026-03-30T15:38:51","slug":"conselhos-de-energia-e-sustentabilidade-planejam-a-realizacao-do-evento-conexao-energia-rio","status":"publish","type":"post","link":"https:\/\/acrj.org.br\/index.php\/2026\/03\/27\/conselhos-de-energia-e-sustentabilidade-planejam-a-realizacao-do-evento-conexao-energia-rio\/","title":{"rendered":"Conselhos de Energia e Sustentabilidade planejam a realiza\u00e7\u00e3o do evento \u201cConex\u00e3o Energia Rio\u201d"},"content":{"rendered":"\n<p>O Conselho Empresarial de Energia e Transi\u00e7\u00e3o Energ\u00e9tica da ACRJ debateu a proposta de realiza\u00e7\u00e3o do evento <strong>Conex\u00e3o Energia Rio,<\/strong> em parceria com o Conselho Empresarial de Sustentabilidade e Economia Circular. Para apresentar a proposta do evento, o presidente do Conselho de Energia, Gabriel Kropsch, recebeu o presidente do Conselho de Sustentabilidade, Ant\u00f4nio Lucio, durante a reuni\u00e3o mensal, dia 27 de mar\u00e7o.<\/p>\n\n\n\n<p>Antonio L\u00facio explicou o objetivo da iniciativa, que ter\u00e1 foco nos pilares: efici\u00eancia energ\u00e9tica e mercado livre; fontes renov\u00e1veis; e armazenagem. \u201cA ideia \u00e9 demonstrar como a transi\u00e7\u00e3o energ\u00e9tica pode ser um vetor direto para a redu\u00e7\u00e3o de custos operacionais, fomentar neg\u00f3cios por meio de casos reais, proporcionar networking e debater o papel estrat\u00e9gico do estado como um hub de energia limpa no Brasil\u201d, disse.<\/p>\n\n\n\n<p>A programa\u00e7\u00e3o sugerida est\u00e1 estruturada em tr\u00eas horas de atividades intensas com um momento de &#8220;Pitch de Solu\u00e7\u00f5es&#8221; e apresenta\u00e7\u00f5es de 15 minutos. Ap\u00f3s um intervalo para networking, o evento seguir\u00e1 para um painel de debate moderado por especialistas. A proposta \u00e9 que o evento seja realizado no 2\u00ba semestre deste ano.<\/p>\n\n\n\n<figure class=\"wp-block-image size-large is-resized\"><img fetchpriority=\"high\" decoding=\"async\" width=\"2311\" height=\"1300\" src=\"https:\/\/acrj.org.br\/wp-content\/uploads\/2026\/03\/antonio-e-gabriel-edited.jpg\" alt=\"\" class=\"wp-image-42446\" style=\"width:500px\" srcset=\"https:\/\/acrj.org.br\/wp-content\/uploads\/2026\/03\/antonio-e-gabriel-edited.jpg 2311w, https:\/\/acrj.org.br\/wp-content\/uploads\/2026\/03\/antonio-e-gabriel-edited-300x169.jpg 300w, https:\/\/acrj.org.br\/wp-content\/uploads\/2026\/03\/antonio-e-gabriel-edited-1024x576.jpg 1024w, https:\/\/acrj.org.br\/wp-content\/uploads\/2026\/03\/antonio-e-gabriel-edited-768x432.jpg 768w, https:\/\/acrj.org.br\/wp-content\/uploads\/2026\/03\/antonio-e-gabriel-edited-1536x864.jpg 1536w, https:\/\/acrj.org.br\/wp-content\/uploads\/2026\/03\/antonio-e-gabriel-edited-2048x1152.jpg 2048w\" sizes=\"(max-width: 2311px) 100vw, 2311px\" \/><figcaption class=\"wp-element-caption\"><em>Antonio L\u00facio e Gabriel Kropsch<\/em><\/figcaption><\/figure>\n\n\n\n<p>De acordo com o Gabriel Kropsch, esta reuni\u00e3o refor\u00e7ou que o ambiente de neg\u00f3cios da energia no Rio de Janeiro est\u00e1 entrando em uma nova fase, marcada por maior diversidade tecnol\u00f3gica, novas oportunidades de investimento e crescente interesse empresarial por solu\u00e7\u00f5es que combinem competitividade, seguran\u00e7a energ\u00e9tica e transi\u00e7\u00e3o energ\u00e9tica. \u201cNesse contexto, o g\u00e1s natural e o biometano seguem ganhando espa\u00e7o, especialmente como alternativa ao diesel em aplica\u00e7\u00f5es industriais e de transporte, impulsionado pelo interesse concreto de empres\u00e1rios em reduzir custos operacionais e emiss\u00f5es\u201d, completou.<\/p>\n\n\n\n<p>Durante a reuni\u00e3o tamb\u00e9m ganharam destaque outros assuntos, como a queda dos pre\u00e7os das baterias, que come\u00e7a a destravar modelos de neg\u00f3cio para armazenagem de energia em aplica\u00e7\u00f5es residenciais e comerciais, e os leil\u00f5es de transmiss\u00e3o foram apontados como vetor importante de expans\u00e3o e refor\u00e7o da rede, criando oportunidades para empresas prestadoras de servi\u00e7o nessa cadeia. \u201cA abertura trazida pela bandeira branca tamb\u00e9m amplia as possibilidades de novos arranjos comerciais, com potencial para gerar ofertas mais flex\u00edveis e competitivas ao consumidor\u201d, disse Gabriel.<\/p>\n\n\n\n<figure class=\"wp-block-image size-large is-resized\"><img decoding=\"async\" width=\"1024\" height=\"461\" src=\"https:\/\/acrj.org.br\/wp-content\/uploads\/2026\/03\/mesa1-4-1024x461.jpg\" alt=\"\" class=\"wp-image-42449\" style=\"width:500px\" srcset=\"https:\/\/acrj.org.br\/wp-content\/uploads\/2026\/03\/mesa1-4-1024x461.jpg 1024w, https:\/\/acrj.org.br\/wp-content\/uploads\/2026\/03\/mesa1-4-300x135.jpg 300w, https:\/\/acrj.org.br\/wp-content\/uploads\/2026\/03\/mesa1-4-768x346.jpg 768w, https:\/\/acrj.org.br\/wp-content\/uploads\/2026\/03\/mesa1-4.jpg 1280w\" sizes=\"(max-width: 1024px) 100vw, 1024px\" \/><\/figure>\n\n\n\n<p>Os conselheiros discutiram em particular o Leil\u00e3o de Capacidade (LRCAP 2026), cujos resultados mostram impacto muito relevante para o estado do Rio de Janeiro. Entre as usinas novas, foram destacados projetos em Pira\u00ed e Maca\u00e9, somando 1.007 MW e cerca de R$ 40 bilh\u00f5es em receita total estimada. J\u00e1 entre as usinas existentes recontratadas, o volume \u00e9 ainda mais expressivo: 3.156 MW em ativos localizados em Santa Cruz, Serop\u00e9dica, Maca\u00e9 e Itagua\u00ed, com receita total estimada de R$ 70 bilh\u00f5es. \u201cNo agregado, os n\u00fameros mostram o peso estrat\u00e9gico do Rio no sistema el\u00e9trico nacional e refor\u00e7am, de forma indireta mas muito concreta, toda a cadeia associada ao g\u00e1s, \u00e0 infraestrutura log\u00edstica e \u00e0 atratividade industrial do estado\u201d, finalizou o presidente do Conselho de Energia.<\/p>\n","protected":false},"excerpt":{"rendered":"<p>O Conselho Empresarial de Energia e Transi\u00e7\u00e3o Energ\u00e9tica da ACRJ debateu a proposta de realiza\u00e7\u00e3o do evento Conex\u00e3o Energia Rio, em parceria com o Conselho&hellip;<\/p>\n","protected":false},"author":3,"featured_media":42444,"comment_status":"closed","ping_status":"closed","sticky":false,"template":"","format":"standard","meta":{"_exactmetrics_skip_tracking":false,"_exactmetrics_sitenote_active":false,"_exactmetrics_sitenote_note":"","_exactmetrics_sitenote_category":0,"footnotes":""},"categories":[56,10],"tags":[],"class_list":["post-42443","post","type-post","status-publish","format-standard","has-post-thumbnail","hentry","category-destaque_conselhos","category-noticias"],"_links":{"self":[{"href":"https:\/\/acrj.org.br\/index.php\/wp-json\/wp\/v2\/posts\/42443","targetHints":{"allow":["GET"]}}],"collection":[{"href":"https:\/\/acrj.org.br\/index.php\/wp-json\/wp\/v2\/posts"}],"about":[{"href":"https:\/\/acrj.org.br\/index.php\/wp-json\/wp\/v2\/types\/post"}],"author":[{"embeddable":true,"href":"https:\/\/acrj.org.br\/index.php\/wp-json\/wp\/v2\/users\/3"}],"replies":[{"embeddable":true,"href":"https:\/\/acrj.org.br\/index.php\/wp-json\/wp\/v2\/comments?post=42443"}],"version-history":[{"count":2,"href":"https:\/\/acrj.org.br\/index.php\/wp-json\/wp\/v2\/posts\/42443\/revisions"}],"predecessor-version":[{"id":42450,"href":"https:\/\/acrj.org.br\/index.php\/wp-json\/wp\/v2\/posts\/42443\/revisions\/42450"}],"wp:featuredmedia":[{"embeddable":true,"href":"https:\/\/acrj.org.br\/index.php\/wp-json\/wp\/v2\/media\/42444"}],"wp:attachment":[{"href":"https:\/\/acrj.org.br\/index.php\/wp-json\/wp\/v2\/media?parent=42443"}],"wp:term":[{"taxonomy":"category","embeddable":true,"href":"https:\/\/acrj.org.br\/index.php\/wp-json\/wp\/v2\/categories?post=42443"},{"taxonomy":"post_tag","embeddable":true,"href":"https:\/\/acrj.org.br\/index.php\/wp-json\/wp\/v2\/tags?post=42443"}],"curies":[{"name":"wp","href":"https:\/\/api.w.org\/{rel}","templated":true}]}}