{"id":42257,"date":"2026-03-16T11:54:11","date_gmt":"2026-03-16T14:54:11","guid":{"rendered":"https:\/\/acrj.org.br\/?p=42257"},"modified":"2026-03-20T15:33:01","modified_gmt":"2026-03-20T18:33:01","slug":"palestra-rio-estrategias-para-atracao-de-investimentos","status":"publish","type":"post","link":"https:\/\/acrj.org.br\/index.php\/2026\/03\/16\/palestra-rio-estrategias-para-atracao-de-investimentos\/","title":{"rendered":"Palestra Rio: Estrat\u00e9gias para atra\u00e7\u00e3o de investimentos"},"content":{"rendered":"\n<p>O Conselho Empresarial de Desenvolvimento Econ\u00f4mico e Mercado de Capitais da ACRJ promove, nesta 4\u00aa feira (18\/3), um debate sobre a agenda de desenvolvimento econ\u00f4mico do Rio e a pesquisa liderada pela FGV com a participa\u00e7\u00e3o do subsecret\u00e1rio Municipal de Desenvolvimento Econ\u00f4mico e Inova\u00e7\u00e3o, Marcel Balassiano, e o superintendente de pesquisa da FGV, M\u00e1rcio Couto.<\/p>\n\n\n\n<p>&#x1f193; O encontro \u00e9 gratuito mediante inscri\u00e7\u00e3o pr\u00e9via.<br>&#x1f517; <strong><a href=\"https:\/\/forms.gle\/imVatPCRBeKNDdk66\">Acesse aqui <\/a><\/strong>para se inscrever<\/p>\n\n\n\n<p><strong>SERVI\u00c7O<\/strong><\/p>\n\n\n\n<p>&#x1f5d3;&#xfe0f; 18 de mar\u00e7o<br>&#x1f570;&#xfe0f; 10 horas<br>&#x1f3e2; Rua Candel\u00e1ria,9\/12\u00ba andar \u2013 Centro &#8211; RJ<br>&#x260e;&#xfe0f; Informa\u00e7\u00f5es: (21) 2514-1203<\/p>\n\n\n\n<figure class=\"wp-block-image size-large is-resized\"><img fetchpriority=\"high\" decoding=\"async\" width=\"683\" height=\"1024\" src=\"https:\/\/acrj.org.br\/wp-content\/uploads\/2026\/03\/Reuniao-18_marco-683x1024.jpeg\" alt=\"\" class=\"wp-image-42259\" style=\"width:300px\" srcset=\"https:\/\/acrj.org.br\/wp-content\/uploads\/2026\/03\/Reuniao-18_marco-683x1024.jpeg 683w, https:\/\/acrj.org.br\/wp-content\/uploads\/2026\/03\/Reuniao-18_marco-200x300.jpeg 200w, https:\/\/acrj.org.br\/wp-content\/uploads\/2026\/03\/Reuniao-18_marco-768x1152.jpeg 768w, https:\/\/acrj.org.br\/wp-content\/uploads\/2026\/03\/Reuniao-18_marco.jpeg 1024w\" sizes=\"(max-width: 683px) 100vw, 683px\" \/><\/figure>\n","protected":false},"excerpt":{"rendered":"<p>O Conselho Empresarial de Desenvolvimento Econ\u00f4mico e Mercado de Capitais da ACRJ promove, nesta 4\u00aa feira (18\/3), um debate sobre a agenda de desenvolvimento econ\u00f4mico&hellip;<\/p>\n","protected":false},"author":3,"featured_media":42258,"comment_status":"closed","ping_status":"closed","sticky":false,"template":"","format":"standard","meta":{"_exactmetrics_skip_tracking":false,"_exactmetrics_sitenote_active":false,"_exactmetrics_sitenote_note":"","_exactmetrics_sitenote_category":0,"footnotes":""},"categories":[83],"tags":[],"class_list":["post-42257","post","type-post","status-publish","format-standard","has-post-thumbnail","hentry","category-eventos_acrj"],"_links":{"self":[{"href":"https:\/\/acrj.org.br\/index.php\/wp-json\/wp\/v2\/posts\/42257","targetHints":{"allow":["GET"]}}],"collection":[{"href":"https:\/\/acrj.org.br\/index.php\/wp-json\/wp\/v2\/posts"}],"about":[{"href":"https:\/\/acrj.org.br\/index.php\/wp-json\/wp\/v2\/types\/post"}],"author":[{"embeddable":true,"href":"https:\/\/acrj.org.br\/index.php\/wp-json\/wp\/v2\/users\/3"}],"replies":[{"embeddable":true,"href":"https:\/\/acrj.org.br\/index.php\/wp-json\/wp\/v2\/comments?post=42257"}],"version-history":[{"count":1,"href":"https:\/\/acrj.org.br\/index.php\/wp-json\/wp\/v2\/posts\/42257\/revisions"}],"predecessor-version":[{"id":42260,"href":"https:\/\/acrj.org.br\/index.php\/wp-json\/wp\/v2\/posts\/42257\/revisions\/42260"}],"wp:featuredmedia":[{"embeddable":true,"href":"https:\/\/acrj.org.br\/index.php\/wp-json\/wp\/v2\/media\/42258"}],"wp:attachment":[{"href":"https:\/\/acrj.org.br\/index.php\/wp-json\/wp\/v2\/media?parent=42257"}],"wp:term":[{"taxonomy":"category","embeddable":true,"href":"https:\/\/acrj.org.br\/index.php\/wp-json\/wp\/v2\/categories?post=42257"},{"taxonomy":"post_tag","embeddable":true,"href":"https:\/\/acrj.org.br\/index.php\/wp-json\/wp\/v2\/tags?post=42257"}],"curies":[{"name":"wp","href":"https:\/\/api.w.org\/{rel}","templated":true}]}}