{"id":42243,"date":"2026-03-13T14:30:28","date_gmt":"2026-03-13T17:30:28","guid":{"rendered":"https:\/\/acrj.org.br\/?p=42243"},"modified":"2026-03-13T14:32:19","modified_gmt":"2026-03-13T17:32:19","slug":"bernardo-cabral-uma-personalidade","status":"publish","type":"post","link":"https:\/\/acrj.org.br\/index.php\/2026\/03\/13\/bernardo-cabral-uma-personalidade\/","title":{"rendered":"Bernardo Cabral, uma personalidade"},"content":{"rendered":"\n<p>Por Arist\u00f3teles Drummond, Grande Benem\u00e9rito da ACRJ<\/p>\n\n\n\n<p>Este m\u00eas, dia 27, marca os 94 anos de Bernardo Cabral, que \u00e9 o que podemos chamar de ilustre brasileiro e reserva \u00e9tica e moral da na\u00e7\u00e3o.<\/p>\n\n\n\n<p>Conhecido nacionalmente como o relator da Constituinte de 88, jurista com passagem na dire\u00e7\u00e3o da OAB e do Instituto dos Advogados, Bernardo tem carreira pol\u00edtica desde a mocidade como deputado estadual no Amazonas, deputado federal e senador, Ministro da Justi\u00e7a. Teve a carreira interrompida quando perdeu os direitos pol\u00edticos ao protestar na C\u00e2mara dos Deputados contra a edi\u00e7\u00e3o do AI-5. Seu compromisso com o liberalismo e as leis n\u00e3o permitiu que ele aceitasse o instrumento que suspendia direitos constitucionais em fun\u00e7\u00e3o da amea\u00e7a de dist\u00farbios internos e de uma escalada de viol\u00eancia revolucion\u00e1ria. Mas ele o fez com a eleg\u00e2ncia e a modera\u00e7\u00e3o que o fizeram respeitado e admirado por todos os segmentos da sociedade. Patriota e figura humana sem \u00f3dios no cora\u00e7\u00e3o assumiu o esp\u00edrito da anistia proposta pelo Presidente Figueiredo e nunca formou com ressentidos revanchistas.<\/p>\n\n\n\n<p>Ao lado do homem p\u00fablico, do jurista e do professor, o Brasil tem se beneficiado de uma personalidade de grande cultura, que vem colocando ao servi\u00e7o do pa\u00eds. Exerce fun\u00e7\u00f5es de alto assessoramento h\u00e1 mais de 20 anos na Confedera\u00e7\u00e3o Nacional do Com\u00e9rcio, hoje presidida pelo seu conterr\u00e2neo Jos\u00e9 Roberto Tadros, onde coordena o Conselho de Not\u00e1veis que abriga uma sele\u00e7\u00e3o de brasileiros que j\u00e1 prestaram e ainda prestam servi\u00e7os no mundo cultural, empresarial e p\u00fablico do Brasil. Impressiona ainda que, tendo a carreira o levado a morar no Rio e em Bras\u00edlia, nunca deixou de viver o Amazonas na a\u00e7\u00e3o e na presen\u00e7a.<\/p>\n\n\n\n<p>Neste momento em que \u00e9 lan\u00e7ado precioso livro sobre D. Joao VI, do historiador e pesquisador Paulo Rezzutti, resgatando a personalidade a que devemos \u00e0 funda\u00e7\u00e3o do Brasil livre, em 1815, como Reino Unido a Portugal, vale ler um dos not\u00e1veis trabalhos de Bernardo Cabral sobre Hist\u00f3ria do Brasil e seus personagens publicado em 2008 na imprensa manauara, no qual aponta para a qualidade &nbsp;do Rei de Portugal e do Brasil ao afirmar que \u201csobreviveu como monarca enquanto seus equivalentes em toda Europa eram destronados e humilhados por Napole\u00e3o. E completa: \u201cD. Joao VI n\u00e3o era nenhum g\u00eanio, mas tampouco um bobalh\u00e3o\u201d.&nbsp;<\/p>\n\n\n\n<p>Artigo publicado originalmente no <strong><a href=\"https:\/\/www.correiodamanha.com.br\/opiniao\/2026\/03\/266794-bernardo-cabral-uma-personalidade.html\">Correio da Manh\u00e3<\/a><\/strong><\/p>\n\n\n\n<p><\/p>\n","protected":false},"excerpt":{"rendered":"<p>Por Arist\u00f3teles Drummond, Grande Benem\u00e9rito da ACRJ.<\/p>\n","protected":false},"author":3,"featured_media":42245,"comment_status":"closed","ping_status":"closed","sticky":false,"template":"","format":"standard","meta":{"_exactmetrics_skip_tracking":false,"_exactmetrics_sitenote_active":false,"_exactmetrics_sitenote_note":"","_exactmetrics_sitenote_category":0,"footnotes":""},"categories":[12,1],"tags":[],"class_list":["post-42243","post","type-post","status-publish","format-standard","has-post-thumbnail","hentry","category-artigos","category-sem-categoria"],"_links":{"self":[{"href":"https:\/\/acrj.org.br\/index.php\/wp-json\/wp\/v2\/posts\/42243","targetHints":{"allow":["GET"]}}],"collection":[{"href":"https:\/\/acrj.org.br\/index.php\/wp-json\/wp\/v2\/posts"}],"about":[{"href":"https:\/\/acrj.org.br\/index.php\/wp-json\/wp\/v2\/types\/post"}],"author":[{"embeddable":true,"href":"https:\/\/acrj.org.br\/index.php\/wp-json\/wp\/v2\/users\/3"}],"replies":[{"embeddable":true,"href":"https:\/\/acrj.org.br\/index.php\/wp-json\/wp\/v2\/comments?post=42243"}],"version-history":[{"count":2,"href":"https:\/\/acrj.org.br\/index.php\/wp-json\/wp\/v2\/posts\/42243\/revisions"}],"predecessor-version":[{"id":42248,"href":"https:\/\/acrj.org.br\/index.php\/wp-json\/wp\/v2\/posts\/42243\/revisions\/42248"}],"wp:featuredmedia":[{"embeddable":true,"href":"https:\/\/acrj.org.br\/index.php\/wp-json\/wp\/v2\/media\/42245"}],"wp:attachment":[{"href":"https:\/\/acrj.org.br\/index.php\/wp-json\/wp\/v2\/media?parent=42243"}],"wp:term":[{"taxonomy":"category","embeddable":true,"href":"https:\/\/acrj.org.br\/index.php\/wp-json\/wp\/v2\/categories?post=42243"},{"taxonomy":"post_tag","embeddable":true,"href":"https:\/\/acrj.org.br\/index.php\/wp-json\/wp\/v2\/tags?post=42243"}],"curies":[{"name":"wp","href":"https:\/\/api.w.org\/{rel}","templated":true}]}}