{"id":42226,"date":"2026-03-13T13:55:22","date_gmt":"2026-03-13T16:55:22","guid":{"rendered":"https:\/\/acrj.org.br\/?p=42226"},"modified":"2026-03-14T16:26:43","modified_gmt":"2026-03-14T19:26:43","slug":"42226","status":"publish","type":"post","link":"https:\/\/acrj.org.br\/index.php\/2026\/03\/13\/42226\/","title":{"rendered":"Conselho de Varejo apresenta seu planejamento para o ano"},"content":{"rendered":"\n<p>Durante a reuni\u00e3o mensal do Conselho Empresarial de Varejo da ACRJ, realizada dia 13\/3, o presidente do Conselho, Juedir Teixeira, apresentou o novo vice-presidente, o conselheiro Roberto Mathias, que foi diplomado juntamente com o novo membro do grupo, Bruno Moreira.<\/p>\n\n\n\n<p>Uma das primeiras a\u00e7\u00f5es do novo vice foi submeter ao Conselho o planejamento para este ano, que est\u00e1 estruturado em tr\u00eas pilares fundamentais. S\u00e3o eles, <strong>Engajamento<\/strong>, para trazer atualiza\u00e7\u00f5es de mercado e insights atrav\u00e9s de semin\u00e1rios e palestras; <strong>Solu\u00e7\u00f5es<\/strong>, focada em resolver problemas de neg\u00f3cio e desenvolver oportunidades junto a empres\u00e1rios e entes p\u00fablicos; e <strong>Legado<\/strong>, que visa construir a\u00e7\u00f5es de longo prazo para tornar a ACRJ uma refer\u00eancia no setor, atrav\u00e9s da cria\u00e7\u00e3o de ferramentas de inclus\u00e3o e desenvolvimento de conhecimento.<\/p>\n\n\n\n<p>Para operacionalizar essas frentes, segundo Mathias, ser\u00e3o organizados Grupos de Trabalho (GTs) tem\u00e1ticos, a serem liderados pelos conselheiros, para buscar parcerias com escolas de neg\u00f3cio para apoiar o desenvolvimento de projetos. O objetivo \u00e9 abordar temas como a reforma tribut\u00e1ria, seguran\u00e7a p\u00fablica, Retail Media e o uso de Intelig\u00eancia Artificial no e-commerce.<\/p>\n\n\n\n<figure class=\"wp-block-image size-large is-resized\"><img fetchpriority=\"high\" decoding=\"async\" width=\"1024\" height=\"592\" src=\"https:\/\/acrj.org.br\/wp-content\/uploads\/2026\/03\/mathias-e-Juedir-1024x592.jpg\" alt=\"\" class=\"wp-image-42232\" style=\"width:500px\" srcset=\"https:\/\/acrj.org.br\/wp-content\/uploads\/2026\/03\/mathias-e-Juedir-1024x592.jpg 1024w, https:\/\/acrj.org.br\/wp-content\/uploads\/2026\/03\/mathias-e-Juedir-300x173.jpg 300w, https:\/\/acrj.org.br\/wp-content\/uploads\/2026\/03\/mathias-e-Juedir-768x444.jpg 768w, https:\/\/acrj.org.br\/wp-content\/uploads\/2026\/03\/mathias-e-Juedir.jpg 1446w\" sizes=\"(max-width: 1024px) 100vw, 1024px\" \/><figcaption class=\"wp-element-caption\"><em>Roberto Mathias e Juedir Teixeira<\/em><\/figcaption><\/figure>\n\n\n\n<p>Ele tamb\u00e9m adiantou que, entre as iniciativas de impacto futuro, est\u00e3o previstas a cria\u00e7\u00e3o de um Datalake do Varejo do Estado do Rio de Janeiro, a mentoria para PMEs, a cria\u00e7\u00e3o de uma aceleradora e da Universidade Varejo ACRJ. O pr\u00f3ximo passo ser\u00e1 a montagem dos GTs, de acordo com o interesse da cada conselheiro, e a defini\u00e7\u00e3o de prioridades a serem discutidas na pr\u00f3xima reuni\u00e3o, agendada para o dia 10 de abril.<\/p>\n\n\n\n<p>Al\u00e9m do planejamento, os conselheiros tamb\u00e9m tiveram uma atualiza\u00e7\u00e3o do Movimento Juntos pela Centro, feita pelo presidente do Conselho de Renova\u00e7\u00e3o do Centro do Rio e Ordem P\u00fablica da ACRJ, Carlos Osorio. Ele adiantou que no final do m\u00eas de mar\u00e7o ser\u00e1 realizada a reuni\u00e3o do Conselho Consultivo para alinhamento de objetivos e contextualiza\u00e7\u00e3o institucional dos trabalhos dos GTs.<\/p>\n\n\n\n<figure class=\"wp-block-image size-large is-resized\"><img decoding=\"async\" width=\"1519\" height=\"854\" src=\"https:\/\/acrj.org.br\/wp-content\/uploads\/2026\/03\/osorio-edited.jpeg\" alt=\"\" class=\"wp-image-42234\" style=\"width:500px\" srcset=\"https:\/\/acrj.org.br\/wp-content\/uploads\/2026\/03\/osorio-edited.jpeg 1519w, https:\/\/acrj.org.br\/wp-content\/uploads\/2026\/03\/osorio-edited-300x169.jpeg 300w, https:\/\/acrj.org.br\/wp-content\/uploads\/2026\/03\/osorio-edited-1024x576.jpeg 1024w, https:\/\/acrj.org.br\/wp-content\/uploads\/2026\/03\/osorio-edited-768x432.jpeg 768w\" sizes=\"(max-width: 1519px) 100vw, 1519px\" \/><figcaption class=\"wp-element-caption\"><em>Carlos Osorio atualizou as a\u00e7\u00f5es do Movimento Juntos pelo Centro<\/em><\/figcaption><\/figure>\n\n\n\n<p><strong>Tend\u00eancias do Varejo para 2026<\/strong><\/p>\n\n\n\n<p>Com base no relat\u00f3rio da Deloitte, de janeiro de 2026, realizada com <strong>330 executivos globais do varejo<\/strong>, o presidente do Conselho, Juedir Teixeira, fez uma apresenta\u00e7\u00e3o ressaltando que o setor varejista enfrenta um ano de transforma\u00e7\u00e3o profunda, impulsionado pela intelig\u00eancia artificial e por uma mudan\u00e7a estrutural no comportamento do consumidor. Apesar das expectativas de leve desacelera\u00e7\u00e3o econ\u00f4mica, os executivos consultados do varejo global mant\u00eam perspectiva positive, sendo que 96% deles esperam que as receitas do setor cres\u00e7am este ano.<\/p>\n\n\n\n<p>Em sua palestra, Juedir destacou os cinco pilares identificados pelo relat\u00f3rio que v\u00e3o remodelar o varejo: Busca por Valor, onde consumidores devem adotar &nbsp;h\u00e1bitos permanentes de economia, com fam\u00edlias de todas as rendas reavaliando o conceito de valor; IA no Com\u00e9rcio, que deixa de ser experimental para se tornar o motor das opera\u00e7\u00f5es essenciais; o Marketing Reinventado, com foco em hiperpersonaliza\u00e7\u00e3o e internaliza\u00e7\u00e3o das atividades de marketing para maior agilidade; a Resili\u00eancia na Cadeia de Suprimentos, com a reestrutura\u00e7\u00e3o (onshoring\/nearshoring) para combater a instabilidade global e o aumento de custos; e por fim a Solidez Financeira, uma rigorosa disciplina de custos e gest\u00e3o de margens para sustentar o crescimento.<\/p>\n\n\n\n<p>Como conclus\u00e3o, sua apresenta\u00e7\u00e3o mostrou que o varejista vencedor em 2026 ser\u00e1 aquele que &#8220;industrializar&#8221; a IA, integrando-a \u00e0s fun\u00e7\u00f5es essenciais, enquanto mant\u00e9m uma disciplina financeira rigorosa focada no que pode controlar. Confira a apresenta\u00e7\u00e3o na \u00edntegra <strong><a href=\"https:\/\/acrj.org.br\/wp-content\/uploads\/2026\/03\/Perspectivas-Globais-do-Setor-Varejista-para-2026.pdf\">aqui<\/a><\/strong><\/p>\n\n\n\n<div class=\"wp-block-columns is-layout-flex wp-container-core-columns-is-layout-9d6595d7 wp-block-columns-is-layout-flex\">\n<div class=\"wp-block-column is-layout-flow wp-block-column-is-layout-flow\" style=\"flex-basis:50%\">\n<figure class=\"wp-block-image size-large is-resized\"><img decoding=\"async\" width=\"1024\" height=\"461\" src=\"https:\/\/acrj.org.br\/wp-content\/uploads\/2026\/03\/mesa-6-1024x461.jpg\" alt=\"\" class=\"wp-image-42239\" style=\"width:500px\" srcset=\"https:\/\/acrj.org.br\/wp-content\/uploads\/2026\/03\/mesa-6-1024x461.jpg 1024w, https:\/\/acrj.org.br\/wp-content\/uploads\/2026\/03\/mesa-6-300x135.jpg 300w, https:\/\/acrj.org.br\/wp-content\/uploads\/2026\/03\/mesa-6-768x346.jpg 768w, https:\/\/acrj.org.br\/wp-content\/uploads\/2026\/03\/mesa-6.jpg 1280w\" sizes=\"(max-width: 1024px) 100vw, 1024px\" \/><\/figure>\n<\/div>\n\n\n\n<div class=\"wp-block-column is-layout-flow wp-block-column-is-layout-flow\" style=\"flex-basis:50%\">\n<figure class=\"wp-block-image size-large\"><img loading=\"lazy\" decoding=\"async\" width=\"1024\" height=\"461\" src=\"https:\/\/acrj.org.br\/wp-content\/uploads\/2026\/03\/mesa1-3-1024x461.jpg\" alt=\"\" class=\"wp-image-42240\" srcset=\"https:\/\/acrj.org.br\/wp-content\/uploads\/2026\/03\/mesa1-3-1024x461.jpg 1024w, https:\/\/acrj.org.br\/wp-content\/uploads\/2026\/03\/mesa1-3-300x135.jpg 300w, https:\/\/acrj.org.br\/wp-content\/uploads\/2026\/03\/mesa1-3-768x346.jpg 768w, https:\/\/acrj.org.br\/wp-content\/uploads\/2026\/03\/mesa1-3.jpg 1280w\" sizes=\"(max-width: 1024px) 100vw, 1024px\" \/><\/figure>\n<\/div>\n<\/div>\n\n\n\n<p><\/p>\n","protected":false},"excerpt":{"rendered":"<p>Durante a reuni\u00e3o mensal do Conselho Empresarial de Varejo da ACRJ, realizada dia 13\/3, o presidente do Conselho, Juedir Teixeira, apresentou o novo vice-presidente, o&hellip;<\/p>\n","protected":false},"author":3,"featured_media":42230,"comment_status":"closed","ping_status":"closed","sticky":false,"template":"","format":"standard","meta":{"_exactmetrics_skip_tracking":false,"_exactmetrics_sitenote_active":false,"_exactmetrics_sitenote_note":"","_exactmetrics_sitenote_category":0,"footnotes":""},"categories":[56,10],"tags":[],"class_list":["post-42226","post","type-post","status-publish","format-standard","has-post-thumbnail","hentry","category-destaque_conselhos","category-noticias"],"_links":{"self":[{"href":"https:\/\/acrj.org.br\/index.php\/wp-json\/wp\/v2\/posts\/42226","targetHints":{"allow":["GET"]}}],"collection":[{"href":"https:\/\/acrj.org.br\/index.php\/wp-json\/wp\/v2\/posts"}],"about":[{"href":"https:\/\/acrj.org.br\/index.php\/wp-json\/wp\/v2\/types\/post"}],"author":[{"embeddable":true,"href":"https:\/\/acrj.org.br\/index.php\/wp-json\/wp\/v2\/users\/3"}],"replies":[{"embeddable":true,"href":"https:\/\/acrj.org.br\/index.php\/wp-json\/wp\/v2\/comments?post=42226"}],"version-history":[{"count":6,"href":"https:\/\/acrj.org.br\/index.php\/wp-json\/wp\/v2\/posts\/42226\/revisions"}],"predecessor-version":[{"id":42250,"href":"https:\/\/acrj.org.br\/index.php\/wp-json\/wp\/v2\/posts\/42226\/revisions\/42250"}],"wp:featuredmedia":[{"embeddable":true,"href":"https:\/\/acrj.org.br\/index.php\/wp-json\/wp\/v2\/media\/42230"}],"wp:attachment":[{"href":"https:\/\/acrj.org.br\/index.php\/wp-json\/wp\/v2\/media?parent=42226"}],"wp:term":[{"taxonomy":"category","embeddable":true,"href":"https:\/\/acrj.org.br\/index.php\/wp-json\/wp\/v2\/categories?post=42226"},{"taxonomy":"post_tag","embeddable":true,"href":"https:\/\/acrj.org.br\/index.php\/wp-json\/wp\/v2\/tags?post=42226"}],"curies":[{"name":"wp","href":"https:\/\/api.w.org\/{rel}","templated":true}]}}