{"id":42218,"date":"2026-03-12T17:46:56","date_gmt":"2026-03-12T20:46:56","guid":{"rendered":"https:\/\/acrj.org.br\/?p=42218"},"modified":"2026-03-13T11:29:25","modified_gmt":"2026-03-13T14:29:25","slug":"novo-processo-de-importacao-brasileiro-e-debatido-no-conselho-de-comex","status":"publish","type":"post","link":"https:\/\/acrj.org.br\/index.php\/2026\/03\/12\/novo-processo-de-importacao-brasileiro-e-debatido-no-conselho-de-comex\/","title":{"rendered":"Novo processo de importa\u00e7\u00e3o brasileiro \u00e9 debatido no Conselho de Comex"},"content":{"rendered":"\n<p>O Novo Processo de Importa\u00e7\u00e3o (NPI), baseado na Declara\u00e7\u00e3o \u00danica de Importa\u00e7\u00e3o (DUIMP), foi um dos principais temas da reuni\u00e3o mensal do Conselho Empresarial de Com\u00e9rcio Exterior da ACRJ, realizada no dia 12 de mar\u00e7o. A presidente do Conselho, Celia Regina, apresentou aos participantes um panorama da implementa\u00e7\u00e3o do novo modelo e os desafios enfrentados pelo setor durante a transi\u00e7\u00e3o.<\/p>\n\n\n\n<p>O encontro reuniu representantes dos terminais portu\u00e1rios Multiterminais e Rio Brasil Terminais, al\u00e9m do Aeroporto RIOgale\u00e3o, e teve como objetivo revisitar as etapas do novo processo, destacando seus impactos operacionais e as melhorias esperadas para as opera\u00e7\u00f5es de com\u00e9rcio exterior.<\/p>\n\n\n\n<p>Durante a apresenta\u00e7\u00e3o, Celia Regina ressaltou que a DUIMP representa uma transforma\u00e7\u00e3o estrutural no sistema de importa\u00e7\u00f5es do pa\u00eds. O novo modelo substitui a antiga Declara\u00e7\u00e3o de Importa\u00e7\u00e3o (DI) e passa a operar a partir da centraliza\u00e7\u00e3o de dados no Portal \u00danico de Com\u00e9rcio Exterior, ampliando a integra\u00e7\u00e3o entre \u00f3rg\u00e3os p\u00fablicos e operadores privados.<\/p>\n\n\n\n<p>O cronograma de transi\u00e7\u00e3o teve in\u00edcio em outubro de 2024 e prev\u00ea o desligamento definitivo da DI em 31 de dezembro deste ano, quando todas as opera\u00e7\u00f5es dever\u00e3o ser registradas exclusivamente por meio da DUIMP. Para evitar riscos como atrasos log\u00edsticos, custos adicionais e perda de competitividade, a recomenda\u00e7\u00e3o \u00e9 que as empresas antecipem a adapta\u00e7\u00e3o de seus processos internos, estruturando o Cat\u00e1logo de Produtos, ajustando os atributos exigidos para cada mercadoria e realizando opera\u00e7\u00f5es piloto.<\/p>\n\n\n\n<p>Segundo Celia Regina, o fluxo operacional do novo sistema come\u00e7a com a organiza\u00e7\u00e3o das informa\u00e7\u00f5es no Cat\u00e1logo de Produtos, passa pela an\u00e1lise de licen\u00e7as no m\u00f3dulo LPCO (Licen\u00e7as, Permiss\u00f5es, Certificados e Outros Documentos) e culmina no registro da DUIMP, permitindo maior previsibilidade no despacho aduaneiro e na libera\u00e7\u00e3o das cargas.<\/p>\n\n\n\n<figure class=\"wp-block-image size-full is-resized\"><img fetchpriority=\"high\" decoding=\"async\" width=\"991\" height=\"557\" src=\"https:\/\/acrj.org.br\/wp-content\/uploads\/2026\/03\/celia-edited.jpg\" alt=\"\" class=\"wp-image-42221\" style=\"width:500px\" srcset=\"https:\/\/acrj.org.br\/wp-content\/uploads\/2026\/03\/celia-edited.jpg 991w, https:\/\/acrj.org.br\/wp-content\/uploads\/2026\/03\/celia-edited-300x169.jpg 300w, https:\/\/acrj.org.br\/wp-content\/uploads\/2026\/03\/celia-edited-768x432.jpg 768w\" sizes=\"(max-width: 991px) 100vw, 991px\" \/><figcaption class=\"wp-element-caption\"><em>C\u00e9lia Regina fez uma apresenta\u00e7\u00e3o sobre a DUIMP<\/em><\/figcaption><\/figure>\n\n\n\n<p>Outro ponto destacado foi a mudan\u00e7a no modelo de gerenciamento de risco. Diferentemente do sistema anterior, mais concentrado na an\u00e1lise documental durante o despacho, a nova l\u00f3gica permite avalia\u00e7\u00f5es antecipadas baseadas em dados estruturados, favorecendo uma atua\u00e7\u00e3o mais preventiva e eficiente da administra\u00e7\u00e3o aduaneira. Apesar dos avan\u00e7os tecnol\u00f3gicos j\u00e1 implementados \u2014 especialmente nos terminais portu\u00e1rios e no aeroporto, que se preparam para o novo sistema h\u00e1 cerca de dois anos \u2014 Celia Regina demonstrou preocupa\u00e7\u00e3o com o n\u00edvel de conhecimento ainda limitado sobre o tema em parte do setor privado. \u201cMesmo sendo um tema atual e estrat\u00e9gico para o com\u00e9rcio exterior brasileiro, ainda \u00e9 comum ouvirmos a pergunta: o que \u00e9 a DUIMP?\u201d, afirmou, ao refor\u00e7ar a import\u00e2ncia de que os membros do Conselho atuem como multiplicadores das informa\u00e7\u00f5es junto \u00e0s empresas.<\/p>\n\n\n\n<p>Na segunda parte da reuni\u00e3o, a diretora executiva do Instituto Mau\u00e1, Andrea L\u00f6fgren, e a gerente Comercial e de Patroc\u00ednios da ACRJ apresentaram o IV F\u00f3rum Rio Empreendedor, destacando as oportunidades de participa\u00e7\u00e3o e patroc\u00ednio para empresas ligadas ao Conselho. A iniciativa ser\u00e1 apresentada a outros Conselhos Empresariais da entidade, e o evento est\u00e1 previsto para os dias 22 e 23 de julho.<\/p>\n\n\n\n<p><\/p>\n\n\n\n<p><\/p>\n","protected":false},"excerpt":{"rendered":"<p>O Novo Processo de Importa\u00e7\u00e3o (NPI), baseado na Declara\u00e7\u00e3o \u00danica de Importa\u00e7\u00e3o (DUIMP), foi um dos principais temas da reuni\u00e3o mensal do Conselho Empresarial de&hellip;<\/p>\n","protected":false},"author":3,"featured_media":42225,"comment_status":"closed","ping_status":"closed","sticky":false,"template":"","format":"standard","meta":{"_exactmetrics_skip_tracking":false,"_exactmetrics_sitenote_active":false,"_exactmetrics_sitenote_note":"","_exactmetrics_sitenote_category":0,"footnotes":""},"categories":[56,10],"tags":[],"class_list":["post-42218","post","type-post","status-publish","format-standard","has-post-thumbnail","hentry","category-destaque_conselhos","category-noticias"],"_links":{"self":[{"href":"https:\/\/acrj.org.br\/index.php\/wp-json\/wp\/v2\/posts\/42218","targetHints":{"allow":["GET"]}}],"collection":[{"href":"https:\/\/acrj.org.br\/index.php\/wp-json\/wp\/v2\/posts"}],"about":[{"href":"https:\/\/acrj.org.br\/index.php\/wp-json\/wp\/v2\/types\/post"}],"author":[{"embeddable":true,"href":"https:\/\/acrj.org.br\/index.php\/wp-json\/wp\/v2\/users\/3"}],"replies":[{"embeddable":true,"href":"https:\/\/acrj.org.br\/index.php\/wp-json\/wp\/v2\/comments?post=42218"}],"version-history":[{"count":2,"href":"https:\/\/acrj.org.br\/index.php\/wp-json\/wp\/v2\/posts\/42218\/revisions"}],"predecessor-version":[{"id":42224,"href":"https:\/\/acrj.org.br\/index.php\/wp-json\/wp\/v2\/posts\/42218\/revisions\/42224"}],"wp:featuredmedia":[{"embeddable":true,"href":"https:\/\/acrj.org.br\/index.php\/wp-json\/wp\/v2\/media\/42225"}],"wp:attachment":[{"href":"https:\/\/acrj.org.br\/index.php\/wp-json\/wp\/v2\/media?parent=42218"}],"wp:term":[{"taxonomy":"category","embeddable":true,"href":"https:\/\/acrj.org.br\/index.php\/wp-json\/wp\/v2\/categories?post=42218"},{"taxonomy":"post_tag","embeddable":true,"href":"https:\/\/acrj.org.br\/index.php\/wp-json\/wp\/v2\/tags?post=42218"}],"curies":[{"name":"wp","href":"https:\/\/api.w.org\/{rel}","templated":true}]}}