{"id":42208,"date":"2026-03-12T16:51:18","date_gmt":"2026-03-12T19:51:18","guid":{"rendered":"https:\/\/acrj.org.br\/?p=42208"},"modified":"2026-03-19T11:02:51","modified_gmt":"2026-03-19T14:02:51","slug":"parabens-consumidores","status":"publish","type":"post","link":"https:\/\/acrj.org.br\/index.php\/2026\/03\/12\/parabens-consumidores\/","title":{"rendered":"Parab\u00e9ns, consumidores!"},"content":{"rendered":"\n<p>Por Juedir Teixeira, PhD, vice-presidente da ACRJ e presidente do Conselho Empresarial de Varejo<\/p>\n\n\n\n<p>O dia 15 de mar\u00e7o \u00e9 uma data especial para todos que fazem parte do ecossistema do varejo. Celebramos o Dia do Consumidor, a figura mais importante de toda a cadeia de neg\u00f3cios.<\/p>\n\n\n\n<p>Pode parecer uma afirma\u00e7\u00e3o simples, mas ela carrega uma verdade essencial: sem o consumidor, o varejo simplesmente n\u00e3o existe. Produtos, lojas, tecnologia, log\u00edstica e estrat\u00e9gias s\u00f3 fazem sentido quando est\u00e3o a servi\u00e7o de quem est\u00e1 do outro lado da rela\u00e7\u00e3o \u2014 o consumidor.<\/p>\n\n\n\n<p>A origem desta data remonta a 1962, quando o ent\u00e3o presidente dos Estados Unidos, John F. Kennedy, fez um discurso hist\u00f3rico ao Congresso americano reconhecendo formalmente os direitos dos consumidores. A partir desse momento, consolidou-se mundialmente a ideia de que o consumidor deve ser protegido, respeitado e colocado no centro das decis\u00f5es econ\u00f4micas.<\/p>\n\n\n\n<p>No Brasil, essa vis\u00e3o ganhou for\u00e7a com a cria\u00e7\u00e3o do C\u00f3digo de Defesa do Consumidor, em 1990, um marco fundamental que ajudou a equilibrar as rela\u00e7\u00f5es de consumo e fortalecer a confian\u00e7a entre empresas e sociedade.<\/p>\n\n\n\n<p>Ao longo das \u00faltimas d\u00e9cadas, vimos o papel do consumidor se transformar profundamente. Se antes ele era um agente relativamente passivo, hoje \u00e9 informado, conectado, exigente e protagonista. Ele compara, avalia, influencia e, muitas vezes, determina o sucesso ou o fracasso de uma marca.<\/p>\n\n\n\n<p>Isso significa que o varejo contempor\u00e2neo precisa ir al\u00e9m da simples venda de produtos. \u00c9 necess\u00e1rio entender pessoas, construir rela\u00e7\u00f5es, gerar confian\u00e7a e entregar experi\u00eancias relevantes.<\/p>\n\n\n\n<p>Por isso, neste dia 15 de mar\u00e7o, a Associa\u00e7\u00e3o Comercial do Rio de Janeiro (ACRJ), por meio do seu Conselho Empresarial de Varejo, presta uma homenagem a quem verdadeiramente move a economia: o consumidor.<\/p>\n\n\n\n<p>Mais do que celebrar a data, reconhecemos a sua import\u00e2ncia estrat\u00e9gica e reafirmamos nosso compromisso com um varejo cada vez mais respons\u00e1vel, inovador e centrado nas pessoas.<\/p>\n\n\n\n<p>Parab\u00e9ns a todos os consumidores pelo seu dia.<\/p>\n\n\n\n<p>Voc\u00eas s\u00e3o, e sempre ser\u00e3o, o ativo mais valioso do varejo.<\/p>\n\n\n\n<p><\/p>\n","protected":false},"excerpt":{"rendered":"<p>Por Juedir Teixeira, PhD, vice-presidente da ACRJ e presidente do Conselho Empresarial de Varejo.<\/p>\n","protected":false},"author":3,"featured_media":42209,"comment_status":"closed","ping_status":"closed","sticky":false,"template":"","format":"standard","meta":{"_exactmetrics_skip_tracking":false,"_exactmetrics_sitenote_active":false,"_exactmetrics_sitenote_note":"","_exactmetrics_sitenote_category":0,"footnotes":""},"categories":[12],"tags":[],"class_list":["post-42208","post","type-post","status-publish","format-standard","has-post-thumbnail","hentry","category-artigos"],"_links":{"self":[{"href":"https:\/\/acrj.org.br\/index.php\/wp-json\/wp\/v2\/posts\/42208","targetHints":{"allow":["GET"]}}],"collection":[{"href":"https:\/\/acrj.org.br\/index.php\/wp-json\/wp\/v2\/posts"}],"about":[{"href":"https:\/\/acrj.org.br\/index.php\/wp-json\/wp\/v2\/types\/post"}],"author":[{"embeddable":true,"href":"https:\/\/acrj.org.br\/index.php\/wp-json\/wp\/v2\/users\/3"}],"replies":[{"embeddable":true,"href":"https:\/\/acrj.org.br\/index.php\/wp-json\/wp\/v2\/comments?post=42208"}],"version-history":[{"count":2,"href":"https:\/\/acrj.org.br\/index.php\/wp-json\/wp\/v2\/posts\/42208\/revisions"}],"predecessor-version":[{"id":42211,"href":"https:\/\/acrj.org.br\/index.php\/wp-json\/wp\/v2\/posts\/42208\/revisions\/42211"}],"wp:featuredmedia":[{"embeddable":true,"href":"https:\/\/acrj.org.br\/index.php\/wp-json\/wp\/v2\/media\/42209"}],"wp:attachment":[{"href":"https:\/\/acrj.org.br\/index.php\/wp-json\/wp\/v2\/media?parent=42208"}],"wp:term":[{"taxonomy":"category","embeddable":true,"href":"https:\/\/acrj.org.br\/index.php\/wp-json\/wp\/v2\/categories?post=42208"},{"taxonomy":"post_tag","embeddable":true,"href":"https:\/\/acrj.org.br\/index.php\/wp-json\/wp\/v2\/tags?post=42208"}],"curies":[{"name":"wp","href":"https:\/\/api.w.org\/{rel}","templated":true}]}}