{"id":4220,"date":"2020-05-25T10:30:00","date_gmt":"2020-05-25T13:30:00","guid":{"rendered":"http:\/\/acrj.org.br\/?p=4220"},"modified":"2024-07-12T16:34:41","modified_gmt":"2024-07-12T19:34:41","slug":"homenagem","status":"publish","type":"post","link":"https:\/\/acrj.org.br\/index.php\/2020\/05\/25\/homenagem\/","title":{"rendered":"Parab\u00e9ns a todos industriais e industri\u00e1rios pelo DIA DA IND\u00daSTRIA"},"content":{"rendered":"\n<p>O fortalecimento da ind\u00fastria brasileira \u00e9 garantia de uma sociedade justa e moderna. E, nesse momento t\u00e3o dif\u00edcil, nos unimos para que vidas e empregos sejam preservados. A homenagem da ACRJ nesse dia \u00e9 para todos os empres\u00e1rios que lutam pela sobreviv\u00eancia de seus neg\u00f3cios e na manuten\u00e7\u00e3o dos empregos. A ind\u00fastria, como um dos pilares mais importantes de uma sociedade desenvolvida, ser\u00e1 ainda mais ap\u00f3s a crise gerada pela Covid 19, para a reconstru\u00e7\u00e3o do Rio de Janeiro e do pa\u00eds.<\/p>\n\n\n\n<p>Nosso muito obrigado.<\/p>\n\n\n\n<p><\/p>\n","protected":false},"excerpt":{"rendered":"<p>O fortalecimento da ind\u00fastria brasileira \u00e9 garantia de uma sociedade justa e moderna. E, nesse momento t\u00e3o dif\u00edcil, nos unimos para que vidas e empregos&hellip;<\/p>\n","protected":false},"author":3,"featured_media":4238,"comment_status":"closed","ping_status":"closed","sticky":false,"template":"","format":"standard","meta":{"_exactmetrics_skip_tracking":false,"_exactmetrics_sitenote_active":false,"_exactmetrics_sitenote_note":"","_exactmetrics_sitenote_category":0,"footnotes":""},"categories":[10],"tags":[],"class_list":["post-4220","post","type-post","status-publish","format-standard","has-post-thumbnail","hentry","category-noticias"],"_links":{"self":[{"href":"https:\/\/acrj.org.br\/index.php\/wp-json\/wp\/v2\/posts\/4220","targetHints":{"allow":["GET"]}}],"collection":[{"href":"https:\/\/acrj.org.br\/index.php\/wp-json\/wp\/v2\/posts"}],"about":[{"href":"https:\/\/acrj.org.br\/index.php\/wp-json\/wp\/v2\/types\/post"}],"author":[{"embeddable":true,"href":"https:\/\/acrj.org.br\/index.php\/wp-json\/wp\/v2\/users\/3"}],"replies":[{"embeddable":true,"href":"https:\/\/acrj.org.br\/index.php\/wp-json\/wp\/v2\/comments?post=4220"}],"version-history":[{"count":0,"href":"https:\/\/acrj.org.br\/index.php\/wp-json\/wp\/v2\/posts\/4220\/revisions"}],"wp:featuredmedia":[{"embeddable":true,"href":"https:\/\/acrj.org.br\/index.php\/wp-json\/wp\/v2\/media\/4238"}],"wp:attachment":[{"href":"https:\/\/acrj.org.br\/index.php\/wp-json\/wp\/v2\/media?parent=4220"}],"wp:term":[{"taxonomy":"category","embeddable":true,"href":"https:\/\/acrj.org.br\/index.php\/wp-json\/wp\/v2\/categories?post=4220"},{"taxonomy":"post_tag","embeddable":true,"href":"https:\/\/acrj.org.br\/index.php\/wp-json\/wp\/v2\/tags?post=4220"}],"curies":[{"name":"wp","href":"https:\/\/api.w.org\/{rel}","templated":true}]}}