{"id":42195,"date":"2026-03-12T14:52:33","date_gmt":"2026-03-12T17:52:33","guid":{"rendered":"https:\/\/acrj.org.br\/?p=42195"},"modified":"2026-03-25T11:57:37","modified_gmt":"2026-03-25T14:57:37","slug":"reuniao-do-conselho-consultivo-do-movimento-juntos-pelo-centro","status":"publish","type":"post","link":"https:\/\/acrj.org.br\/index.php\/2026\/03\/12\/reuniao-do-conselho-consultivo-do-movimento-juntos-pelo-centro\/","title":{"rendered":"Reuni\u00e3o do Conselho Consultivo do Movimento Juntos pelo Centro"},"content":{"rendered":"\n<p>O Conselho Consultivo do Movimento Juntos pelo Centro do Rio realizar\u00e1, dia 27 de mar\u00e7o, uma reuni\u00e3o ordin\u00e1ria para alinhamento de objetivos e contextualiza\u00e7\u00e3o institucional dos trabalhos dos Grupos de Trabalho. O encontro ser\u00e1 conduzido pelo presidente da ACRJ, Josier Vilar, e os consultores Fernando Mattos e Rodrigo Teixeira e vai reunir todas as institui\u00e7\u00f5es que aderiram ao Movimento.<\/p>\n\n\n\n<p><\/p>\n\n\n\n<p><\/p>\n","protected":false},"excerpt":{"rendered":"<p>O Conselho Consultivo do Movimento Juntos pelo Centro do Rio realizar\u00e1, dia 27 de mar\u00e7o, uma reuni\u00e3o ordin\u00e1ria para alinhamento de objetivos e contextualiza\u00e7\u00e3o institucional&hellip;<\/p>\n","protected":false},"author":3,"featured_media":42196,"comment_status":"closed","ping_status":"closed","sticky":false,"template":"","format":"standard","meta":{"_exactmetrics_skip_tracking":false,"_exactmetrics_sitenote_active":false,"_exactmetrics_sitenote_note":"","_exactmetrics_sitenote_category":0,"footnotes":""},"categories":[83],"tags":[],"class_list":["post-42195","post","type-post","status-publish","format-standard","has-post-thumbnail","hentry","category-eventos_acrj"],"_links":{"self":[{"href":"https:\/\/acrj.org.br\/index.php\/wp-json\/wp\/v2\/posts\/42195","targetHints":{"allow":["GET"]}}],"collection":[{"href":"https:\/\/acrj.org.br\/index.php\/wp-json\/wp\/v2\/posts"}],"about":[{"href":"https:\/\/acrj.org.br\/index.php\/wp-json\/wp\/v2\/types\/post"}],"author":[{"embeddable":true,"href":"https:\/\/acrj.org.br\/index.php\/wp-json\/wp\/v2\/users\/3"}],"replies":[{"embeddable":true,"href":"https:\/\/acrj.org.br\/index.php\/wp-json\/wp\/v2\/comments?post=42195"}],"version-history":[{"count":4,"href":"https:\/\/acrj.org.br\/index.php\/wp-json\/wp\/v2\/posts\/42195\/revisions"}],"predecessor-version":[{"id":42207,"href":"https:\/\/acrj.org.br\/index.php\/wp-json\/wp\/v2\/posts\/42195\/revisions\/42207"}],"wp:featuredmedia":[{"embeddable":true,"href":"https:\/\/acrj.org.br\/index.php\/wp-json\/wp\/v2\/media\/42196"}],"wp:attachment":[{"href":"https:\/\/acrj.org.br\/index.php\/wp-json\/wp\/v2\/media?parent=42195"}],"wp:term":[{"taxonomy":"category","embeddable":true,"href":"https:\/\/acrj.org.br\/index.php\/wp-json\/wp\/v2\/categories?post=42195"},{"taxonomy":"post_tag","embeddable":true,"href":"https:\/\/acrj.org.br\/index.php\/wp-json\/wp\/v2\/tags?post=42195"}],"curies":[{"name":"wp","href":"https:\/\/api.w.org\/{rel}","templated":true}]}}