{"id":42142,"date":"2026-03-11T17:00:16","date_gmt":"2026-03-11T20:00:16","guid":{"rendered":"https:\/\/acrj.org.br\/?p=42142"},"modified":"2026-03-11T17:06:42","modified_gmt":"2026-03-11T20:06:42","slug":"conselho-de-cultura-aprova-homenagem-ao-ex-conselheiro-haroldo-costa","status":"publish","type":"post","link":"https:\/\/acrj.org.br\/index.php\/2026\/03\/11\/conselho-de-cultura-aprova-homenagem-ao-ex-conselheiro-haroldo-costa\/","title":{"rendered":"Conselho de Cultura aprova homenagem ao ex-conselheiro Haroldo Costa"},"content":{"rendered":"\n<p>A primeira reuni\u00e3o do ano do Conselho Empresarial de Cultura da ACRJ, realizada dia 11 de mar\u00e7o, sob a presid\u00eancia de Sergio da Costa e Silva, contou com a presen\u00e7a do 1\u00ba vice-presidente da ACRJ, Laudelino Mendes. Durante a reuni\u00e3o, foi aprovada por unanimidade a homenagem p\u00f3stuma a Haroldo Costa, que foi membro do Conselho, e a sugest\u00e3o de submeter ao presidente da ACRJ, Josier Vilar, a denomina\u00e7\u00e3o de <strong>Teatro Haroldo Costa<\/strong> para o audit\u00f3rio do subsolo da Casa de Mau\u00e1. Al\u00e9m disso, tamb\u00e9m foi sugerida a possibilidade de tornar o espa\u00e7o um novo equipamento cultural com pe\u00e7as teatrais e m\u00fasica.<\/p>\n\n\n\n<figure class=\"wp-block-image size-large is-resized\"><img fetchpriority=\"high\" decoding=\"async\" width=\"1024\" height=\"680\" src=\"https:\/\/acrj.org.br\/wp-content\/uploads\/2026\/03\/laudelino-1024x680.jpg\" alt=\"\" class=\"wp-image-42144\" style=\"width:500px\" srcset=\"https:\/\/acrj.org.br\/wp-content\/uploads\/2026\/03\/laudelino-1024x680.jpg 1024w, https:\/\/acrj.org.br\/wp-content\/uploads\/2026\/03\/laudelino-300x199.jpg 300w, https:\/\/acrj.org.br\/wp-content\/uploads\/2026\/03\/laudelino-768x510.jpg 768w, https:\/\/acrj.org.br\/wp-content\/uploads\/2026\/03\/laudelino-1536x1019.jpg 1536w, https:\/\/acrj.org.br\/wp-content\/uploads\/2026\/03\/laudelino.jpg 2046w\" sizes=\"(max-width: 1024px) 100vw, 1024px\" \/><figcaption class=\"wp-element-caption\"><em>Sergio da Costa e Silva e Laudelino da Costa Mendes Neto<\/em><\/figcaption><\/figure>\n\n\n\n<p>&nbsp;\u201cA ideia \u00e9 verificar a possibilidade deste local abrigar pe\u00e7as de teatro e outras atividades culturais e n\u00e3o somente eventos da Casa de Mau\u00e1. Um projeto com este objetivo ser\u00e1 submetido ao presidente da ACRJ, Josier Vilar, para an\u00e1lise\u201d, adiantou o presidente do Conselho, Sergio da Costa e Silva. Ainda sobre as homenagens, a conselheira Jacyra Lucas sugeriu que o Conselho preste um tributo ao Retiro dos Artistas e seus moradores, todos oriundos de diversos setores das artes, proposta que foi aceita pelos membros.<\/p>\n\n\n\n<p>A pauta da reuni\u00e3o tamb\u00e9m debateu a organiza\u00e7\u00e3o de semin\u00e1rios e a realiza\u00e7\u00e3o de reuni\u00f5es itinerantes do Conselho, cuja primeira dever\u00e1 ser realizada no Pal\u00e1cio Itamaraty, no Centro do Rio. Tamb\u00e9m foi sugerido o restaurante rec\u00e9m-inaugurado do Touring, na Pra\u00e7a Mau\u00e1.<\/p>\n\n\n\n<div class=\"wp-block-columns is-layout-flex wp-container-core-columns-is-layout-9d6595d7 wp-block-columns-is-layout-flex\">\n<div class=\"wp-block-column is-layout-flow wp-block-column-is-layout-flow\" style=\"flex-basis:50%\">\n<figure class=\"wp-block-image size-large\"><img decoding=\"async\" width=\"1024\" height=\"458\" src=\"https:\/\/acrj.org.br\/wp-content\/uploads\/2026\/03\/mesa1-1-1024x458.jpg\" alt=\"\" class=\"wp-image-42147\" srcset=\"https:\/\/acrj.org.br\/wp-content\/uploads\/2026\/03\/mesa1-1-1024x458.jpg 1024w, https:\/\/acrj.org.br\/wp-content\/uploads\/2026\/03\/mesa1-1-300x134.jpg 300w, https:\/\/acrj.org.br\/wp-content\/uploads\/2026\/03\/mesa1-1-768x343.jpg 768w, https:\/\/acrj.org.br\/wp-content\/uploads\/2026\/03\/mesa1-1-1536x686.jpg 1536w, https:\/\/acrj.org.br\/wp-content\/uploads\/2026\/03\/mesa1-1-2048x915.jpg 2048w\" sizes=\"(max-width: 1024px) 100vw, 1024px\" \/><\/figure>\n<\/div>\n\n\n\n<div class=\"wp-block-column is-layout-flow wp-block-column-is-layout-flow\" style=\"flex-basis:50%\">\n<figure class=\"wp-block-image size-large\"><img decoding=\"async\" width=\"1024\" height=\"469\" src=\"https:\/\/acrj.org.br\/wp-content\/uploads\/2026\/03\/mesa2-1024x469.jpg\" alt=\"\" class=\"wp-image-42149\" srcset=\"https:\/\/acrj.org.br\/wp-content\/uploads\/2026\/03\/mesa2-1024x469.jpg 1024w, https:\/\/acrj.org.br\/wp-content\/uploads\/2026\/03\/mesa2-300x137.jpg 300w, https:\/\/acrj.org.br\/wp-content\/uploads\/2026\/03\/mesa2-768x352.jpg 768w, https:\/\/acrj.org.br\/wp-content\/uploads\/2026\/03\/mesa2-1536x704.jpg 1536w, https:\/\/acrj.org.br\/wp-content\/uploads\/2026\/03\/mesa2-2048x939.jpg 2048w\" sizes=\"(max-width: 1024px) 100vw, 1024px\" \/><\/figure>\n<\/div>\n<\/div>\n\n\n\n<p>Em rela\u00e7\u00e3o aos semin\u00e1rios, a ideia dos conselheiros \u00e9 realizar pelo menos dois grandes eventos este ano. V\u00e1rios temas foram levantados, como Leil\u00f5es e Cultura, que ficar\u00e1 sob a responsabilidade da conselheira e especialista no assunto, Vera Tostes; Nova Tributa\u00e7\u00e3o para empresas do setor de Cultura, sugest\u00e3o e Andrea Lofgren; e Meu Primeiro Filme, a ser organizado pelo conselheiro Steve Solot.<\/p>\n\n\n\n<p>A conselheira Andrea Lofgren comunicou sua sa\u00edda do Conselho e da Vice-Presid\u00eancia de Associados, j\u00e1 que est\u00e1 assumindo a dire\u00e7\u00e3o executiva do Instituto Mau\u00e1, bra\u00e7o operacional de grandes projetos da Associa\u00e7\u00e3o Comercial do Rio de Janeiro.<\/p>\n\n\n\n<figure class=\"wp-block-image size-large is-resized\"><img loading=\"lazy\" decoding=\"async\" width=\"1024\" height=\"465\" src=\"https:\/\/acrj.org.br\/wp-content\/uploads\/2026\/03\/mesa-2-1024x465.jpg\" alt=\"\" class=\"wp-image-42145\" style=\"width:500px\" srcset=\"https:\/\/acrj.org.br\/wp-content\/uploads\/2026\/03\/mesa-2-1024x465.jpg 1024w, https:\/\/acrj.org.br\/wp-content\/uploads\/2026\/03\/mesa-2-300x136.jpg 300w, https:\/\/acrj.org.br\/wp-content\/uploads\/2026\/03\/mesa-2-768x348.jpg 768w, https:\/\/acrj.org.br\/wp-content\/uploads\/2026\/03\/mesa-2-1536x697.jpg 1536w, https:\/\/acrj.org.br\/wp-content\/uploads\/2026\/03\/mesa-2-2048x929.jpg 2048w\" sizes=\"(max-width: 1024px) 100vw, 1024px\" \/><\/figure>\n\n\n\n<p>Sergio da Costa e Silva encerrou a reuni\u00e3o informando que o Conselho far\u00e1 um documento com sugest\u00f5es na \u00e1rea de Cultura para ser entregue aos candidatos nas elei\u00e7\u00f5es deste ano. O documento ser\u00e1 encaminhado em breve ao presidente Josier Vilar.<\/p>\n","protected":false},"excerpt":{"rendered":"<p>A primeira reuni\u00e3o do ano do Conselho Empresarial de Cultura da ACRJ, realizada dia 11 de mar\u00e7o, sob a presid\u00eancia de Sergio da Costa e&hellip;<\/p>\n","protected":false},"author":3,"featured_media":42143,"comment_status":"closed","ping_status":"closed","sticky":false,"template":"","format":"standard","meta":{"_exactmetrics_skip_tracking":false,"_exactmetrics_sitenote_active":false,"_exactmetrics_sitenote_note":"","_exactmetrics_sitenote_category":0,"footnotes":""},"categories":[56,10],"tags":[],"class_list":["post-42142","post","type-post","status-publish","format-standard","has-post-thumbnail","hentry","category-destaque_conselhos","category-noticias"],"_links":{"self":[{"href":"https:\/\/acrj.org.br\/index.php\/wp-json\/wp\/v2\/posts\/42142","targetHints":{"allow":["GET"]}}],"collection":[{"href":"https:\/\/acrj.org.br\/index.php\/wp-json\/wp\/v2\/posts"}],"about":[{"href":"https:\/\/acrj.org.br\/index.php\/wp-json\/wp\/v2\/types\/post"}],"author":[{"embeddable":true,"href":"https:\/\/acrj.org.br\/index.php\/wp-json\/wp\/v2\/users\/3"}],"replies":[{"embeddable":true,"href":"https:\/\/acrj.org.br\/index.php\/wp-json\/wp\/v2\/comments?post=42142"}],"version-history":[{"count":6,"href":"https:\/\/acrj.org.br\/index.php\/wp-json\/wp\/v2\/posts\/42142\/revisions"}],"predecessor-version":[{"id":42154,"href":"https:\/\/acrj.org.br\/index.php\/wp-json\/wp\/v2\/posts\/42142\/revisions\/42154"}],"wp:featuredmedia":[{"embeddable":true,"href":"https:\/\/acrj.org.br\/index.php\/wp-json\/wp\/v2\/media\/42143"}],"wp:attachment":[{"href":"https:\/\/acrj.org.br\/index.php\/wp-json\/wp\/v2\/media?parent=42142"}],"wp:term":[{"taxonomy":"category","embeddable":true,"href":"https:\/\/acrj.org.br\/index.php\/wp-json\/wp\/v2\/categories?post=42142"},{"taxonomy":"post_tag","embeddable":true,"href":"https:\/\/acrj.org.br\/index.php\/wp-json\/wp\/v2\/tags?post=42142"}],"curies":[{"name":"wp","href":"https:\/\/api.w.org\/{rel}","templated":true}]}}