{"id":42135,"date":"2026-03-11T16:34:34","date_gmt":"2026-03-11T19:34:34","guid":{"rendered":"https:\/\/acrj.org.br\/?p=42135"},"modified":"2026-03-11T16:34:36","modified_gmt":"2026-03-11T19:34:36","slug":"conselho-de-comunidades-discute-planejamento-e-desenvolvimento-de-projetos","status":"publish","type":"post","link":"https:\/\/acrj.org.br\/index.php\/2026\/03\/11\/conselho-de-comunidades-discute-planejamento-e-desenvolvimento-de-projetos\/","title":{"rendered":"Conselho de Comunidades discute planejamento e desenvolvimento de projetos"},"content":{"rendered":"\n<p>O Conselho Empresarial de Comunidades, Novos Neg\u00f3cios e Economia Solid\u00e1ria da ACRJ se reuniu, dia 10 de mar\u00e7o, para debater o planejamento das a\u00e7\u00f5es do Conselho para este ano. A presidente do Conselho, C\u00e9lia Domingues, abriu a reuni\u00e3o pedindo sugest\u00f5es aos conselheiros sobre a participa\u00e7\u00e3o na IV edi\u00e7\u00e3o do F\u00f3rum Rio Empreendedor, que acontecer\u00e1 dias 22 e 23 julho. Ela lembrou do sucesso da presen\u00e7a de diversos membros expondo suas atividades na edi\u00e7\u00e3o do ano passado.<\/p>\n\n\n\n<p>C\u00e9lia explicou sobre outra a\u00e7\u00e3o da ACRJ junto aos Conselhos Empresariais para o desenvolvimento de projetos liderados pelos presidentes e vice-presidentes dos Conselhos, que foram divididos em quatro grupos tem\u00e1ticos para debater temas e propostas a serem desenvolvidos ao longo do ano. C\u00e9lia Domingues integra o grupo que discutiu propostas para um projeto intitulado \u201cCarnaval 365 dias\u201d de curto, m\u00e9dio e longo prazo. Neste grupo est\u00e3o ainda os Conselhos de Energia, Governan\u00e7a e Sustentabilidade.<\/p>\n\n\n\n<p>A partir desta reuni\u00e3o, os membros do Conselho v\u00e3o fazer propostas para integrar este projeto da ACRJ. \u201cChegaram \u00e0 conclus\u00e3o de que o projeto Carnaval 365 dias contemplaria todos os Conselhos do nosso grupo, o que me deixou muito feliz. Este projeto abrange a\u00e7\u00f5es de meio ambiente, energia, sustentabilidade, economia circular, educa\u00e7\u00e3o, cultura, turismo, economia criativa e solid\u00e1ria, profissionaliza\u00e7\u00e3o, neg\u00f3cios e governan\u00e7a. A ideia \u00e9 que o Carnaval, por ser um evento que ocorre durante todo o ano, possa ser o mote para atividades que impactem a qualidade de vida, os neg\u00f3cios e a economia, gerando trabalho, cidadania e dignidade\u201d, explicou C\u00e9lia Domingues.<\/p>\n\n\n\n<p>A presidente do Conselho aproveitou para mencionar sua participa\u00e7\u00e3o no grupo de trabalho criado pelo Minist\u00e9rio da Educa\u00e7\u00e3o (MEC) para reedi\u00e7\u00e3o do cat\u00e1logo de cursos t\u00e9cnicos do Ensino M\u00e9dio, com foco na profissionaliza\u00e7\u00e3o do carnaval. De acordo com ela, o grupo j\u00e1 realizou mais de 100 horas de reuni\u00e3o e busca apresentar um projeto que possa abranger as demandas e oportunidades do carnaval, visando um olhar mais respeitoso e aprofundado para suas atividades e neg\u00f3cios.<\/p>\n\n\n\n<p>Ela disse ainda que \u00e9 muito importante participar deste GT, pois \u00e9 a primeira vez que o MEC abre espa\u00e7o para um representante do carnaval defender e expor o carnaval do ponto de vista da educa\u00e7\u00e3o e da profissionaliza\u00e7\u00e3o.<\/p>\n\n\n\n<p>\u201cA presen\u00e7a de uma representante do carnaval nesse grupo permite que as demandas e oportunidades do carnaval sejam inclu\u00eddas e o carnaval passe a ser visto de forma diferenciada, com mais respeito, aten\u00e7\u00e3o e profundidade em suas atividades e oportunidades levando ao reconhecimento de profiss\u00f5es do carnaval pelo Governo Federal, pelo MEC e pelo Minist\u00e9rio da Cultura\u201d, afirmou.<\/p>\n\n\n\n<p><\/p>\n","protected":false},"excerpt":{"rendered":"<p>Conselheiros debateram projetos e o planejamento das a\u00e7\u00f5es do Conselho para este ano.<\/p>\n","protected":false},"author":3,"featured_media":42136,"comment_status":"closed","ping_status":"closed","sticky":false,"template":"","format":"standard","meta":{"_exactmetrics_skip_tracking":false,"_exactmetrics_sitenote_active":false,"_exactmetrics_sitenote_note":"","_exactmetrics_sitenote_category":0,"footnotes":""},"categories":[56,10],"tags":[],"class_list":["post-42135","post","type-post","status-publish","format-standard","has-post-thumbnail","hentry","category-destaque_conselhos","category-noticias"],"_links":{"self":[{"href":"https:\/\/acrj.org.br\/index.php\/wp-json\/wp\/v2\/posts\/42135","targetHints":{"allow":["GET"]}}],"collection":[{"href":"https:\/\/acrj.org.br\/index.php\/wp-json\/wp\/v2\/posts"}],"about":[{"href":"https:\/\/acrj.org.br\/index.php\/wp-json\/wp\/v2\/types\/post"}],"author":[{"embeddable":true,"href":"https:\/\/acrj.org.br\/index.php\/wp-json\/wp\/v2\/users\/3"}],"replies":[{"embeddable":true,"href":"https:\/\/acrj.org.br\/index.php\/wp-json\/wp\/v2\/comments?post=42135"}],"version-history":[{"count":1,"href":"https:\/\/acrj.org.br\/index.php\/wp-json\/wp\/v2\/posts\/42135\/revisions"}],"predecessor-version":[{"id":42137,"href":"https:\/\/acrj.org.br\/index.php\/wp-json\/wp\/v2\/posts\/42135\/revisions\/42137"}],"wp:featuredmedia":[{"embeddable":true,"href":"https:\/\/acrj.org.br\/index.php\/wp-json\/wp\/v2\/media\/42136"}],"wp:attachment":[{"href":"https:\/\/acrj.org.br\/index.php\/wp-json\/wp\/v2\/media?parent=42135"}],"wp:term":[{"taxonomy":"category","embeddable":true,"href":"https:\/\/acrj.org.br\/index.php\/wp-json\/wp\/v2\/categories?post=42135"},{"taxonomy":"post_tag","embeddable":true,"href":"https:\/\/acrj.org.br\/index.php\/wp-json\/wp\/v2\/tags?post=42135"}],"curies":[{"name":"wp","href":"https:\/\/api.w.org\/{rel}","templated":true}]}}