{"id":42130,"date":"2026-03-11T13:23:48","date_gmt":"2026-03-11T16:23:48","guid":{"rendered":"https:\/\/acrj.org.br\/?p=42130"},"modified":"2026-03-16T11:26:38","modified_gmt":"2026-03-16T14:26:38","slug":"debate-sobre-desafios-perspectivas-e-oportunidades-para-o-setor-cafeeiro-do-rio-de-janeiro-em-2026","status":"publish","type":"post","link":"https:\/\/acrj.org.br\/index.php\/2026\/03\/11\/debate-sobre-desafios-perspectivas-e-oportunidades-para-o-setor-cafeeiro-do-rio-de-janeiro-em-2026\/","title":{"rendered":"Debate sobre \u201cDesafios, perspectivas e oportunidades para o setor cafeeiro do Rio de Janeiro em 2026\u201d"},"content":{"rendered":"\n<p>A ACRJ vai promover um debate sobre os desafios, perspectivas e oportunidades para o setor cafeeiro do Rio de Janeiro em 2026 e como buscar financiamento p\u00fablico para novos projetos atrav\u00e9s do Funcaf\u00e9, o Fundo de Defesa da Economia Cafeeira. Este fundo p\u00fablico federal financia toda a cadeia produtiva do caf\u00e9.<\/p>\n\n\n\n<p>Com participa\u00e7\u00e3o do senador Carlos Portinho e do presidente do Conselho Superior da ACRJ, Ruy Barreto Filho.<\/p>\n\n\n\n<p>Apoio da Sociedade Nacional de Agricultura &#8211; SNA<\/p>\n\n\n\n<p>&#x1f517; <strong>Evento gratuito<\/strong>. Confirme a sua presen\u00e7a <strong><a href=\"https:\/\/forms.gle\/C9YoECodj9iDrFXx9\">aqui<\/a><\/strong><br><\/p>\n\n\n\n<p><strong>Servi\u00e7o<\/strong><\/p>\n\n\n\n<p>&#x1f5d3;&#xfe0f; 16\/mar\u00e7o<br>&#x1f570;&#xfe0f; 16 horas<br>&#x1f3e2; Sede da ACRJ: Rua Candel\u00e1ria 9\/12\u00ba andar \u2013 Centro &#8211; RJ<br>&#x260e;  21-2514-1250<\/p>\n\n\n\n<figure class=\"wp-block-image size-large is-resized\"><img fetchpriority=\"high\" decoding=\"async\" width=\"838\" height=\"1024\" src=\"https:\/\/acrj.org.br\/wp-content\/uploads\/2026\/03\/Evento-Cafe_16_mar-1-838x1024.jpeg\" alt=\"\" class=\"wp-image-42132\" style=\"width:400px\" srcset=\"https:\/\/acrj.org.br\/wp-content\/uploads\/2026\/03\/Evento-Cafe_16_mar-1-838x1024.jpeg 838w, https:\/\/acrj.org.br\/wp-content\/uploads\/2026\/03\/Evento-Cafe_16_mar-1-245x300.jpeg 245w, https:\/\/acrj.org.br\/wp-content\/uploads\/2026\/03\/Evento-Cafe_16_mar-1-768x939.jpeg 768w, https:\/\/acrj.org.br\/wp-content\/uploads\/2026\/03\/Evento-Cafe_16_mar-1.jpeg 1080w\" sizes=\"(max-width: 838px) 100vw, 838px\" \/><\/figure>\n\n\n\n<p><\/p>\n","protected":false},"excerpt":{"rendered":"<p>A ACRJ vai promover um debate sobre os desafios, perspectivas e oportunidades para o setor cafeeiro do Rio de Janeiro em 2026 e como buscar&hellip;<\/p>\n","protected":false},"author":3,"featured_media":42131,"comment_status":"closed","ping_status":"closed","sticky":false,"template":"","format":"standard","meta":{"_exactmetrics_skip_tracking":false,"_exactmetrics_sitenote_active":false,"_exactmetrics_sitenote_note":"","_exactmetrics_sitenote_category":0,"footnotes":""},"categories":[83],"tags":[],"class_list":["post-42130","post","type-post","status-publish","format-standard","has-post-thumbnail","hentry","category-eventos_acrj"],"_links":{"self":[{"href":"https:\/\/acrj.org.br\/index.php\/wp-json\/wp\/v2\/posts\/42130","targetHints":{"allow":["GET"]}}],"collection":[{"href":"https:\/\/acrj.org.br\/index.php\/wp-json\/wp\/v2\/posts"}],"about":[{"href":"https:\/\/acrj.org.br\/index.php\/wp-json\/wp\/v2\/types\/post"}],"author":[{"embeddable":true,"href":"https:\/\/acrj.org.br\/index.php\/wp-json\/wp\/v2\/users\/3"}],"replies":[{"embeddable":true,"href":"https:\/\/acrj.org.br\/index.php\/wp-json\/wp\/v2\/comments?post=42130"}],"version-history":[{"count":1,"href":"https:\/\/acrj.org.br\/index.php\/wp-json\/wp\/v2\/posts\/42130\/revisions"}],"predecessor-version":[{"id":42133,"href":"https:\/\/acrj.org.br\/index.php\/wp-json\/wp\/v2\/posts\/42130\/revisions\/42133"}],"wp:featuredmedia":[{"embeddable":true,"href":"https:\/\/acrj.org.br\/index.php\/wp-json\/wp\/v2\/media\/42131"}],"wp:attachment":[{"href":"https:\/\/acrj.org.br\/index.php\/wp-json\/wp\/v2\/media?parent=42130"}],"wp:term":[{"taxonomy":"category","embeddable":true,"href":"https:\/\/acrj.org.br\/index.php\/wp-json\/wp\/v2\/categories?post=42130"},{"taxonomy":"post_tag","embeddable":true,"href":"https:\/\/acrj.org.br\/index.php\/wp-json\/wp\/v2\/tags?post=42130"}],"curies":[{"name":"wp","href":"https:\/\/api.w.org\/{rel}","templated":true}]}}