{"id":42116,"date":"2026-03-11T12:37:56","date_gmt":"2026-03-11T15:37:56","guid":{"rendered":"https:\/\/acrj.org.br\/?p=42116"},"modified":"2026-03-27T16:26:30","modified_gmt":"2026-03-27T19:26:30","slug":"seminario-sobre-governanca-das-empresas-familiares","status":"publish","type":"post","link":"https:\/\/acrj.org.br\/index.php\/2026\/03\/11\/seminario-sobre-governanca-das-empresas-familiares\/","title":{"rendered":"Semin\u00e1rio sobre Governan\u00e7a das empresas familiares"},"content":{"rendered":"\n<p>O Conselho Empresarial de Governan\u00e7a, Compliance e Diversidade da ACRJ e o IBGC (Instituto Brasileiro de Governan\u00e7a Corporativa) promovem, dia 10 de abril, um semin\u00e1rio debate sobre os desafios e oportunidades da governan\u00e7a das empresas familiares, com representantes do IBGC e do escrit\u00f3rio Pinheiro Neto Advogados.<\/p>\n\n\n\n<p>&#x1f193; O <strong>encontro \u00e9 gratuito<\/strong> mediante inscri\u00e7\u00e3o pr\u00e9via.<\/p>\n\n\n\n<p>&#x1f517; <strong><a href=\"https:\/\/forms.gle\/Y5viXqguTuY9YbzY6\">Acesse aqui <\/a><\/strong>para se inscrever<\/p>\n\n\n\n<p><strong>SERVI\u00c7O<\/strong><\/p>\n\n\n\n<p>&#x1f5d3;&#xfe0f; 10 de abril<\/p>\n\n\n\n<p>&#x1f570;&#xfe0f; 10 horas<\/p>\n\n\n\n<p>&#x1f3e2; Sede da ACRJ: Rua Candel\u00e1ria 9\/12\u00ba andar \u2013 Centro &#8211; RJ<\/p>\n\n\n\n<p>&#x260e;&#xfe0f; Informa\u00e7\u00f5es: (21) 2514-1203<\/p>\n\n\n\n<figure class=\"wp-block-image size-large is-resized\"><img fetchpriority=\"high\" decoding=\"async\" width=\"997\" height=\"1024\" src=\"https:\/\/acrj.org.br\/wp-content\/uploads\/2026\/03\/Reuniao-10_Abr-1-997x1024.jpeg\" alt=\"\" class=\"wp-image-42120\" style=\"width:500px\" srcset=\"https:\/\/acrj.org.br\/wp-content\/uploads\/2026\/03\/Reuniao-10_Abr-1-997x1024.jpeg 997w, https:\/\/acrj.org.br\/wp-content\/uploads\/2026\/03\/Reuniao-10_Abr-1-292x300.jpeg 292w, https:\/\/acrj.org.br\/wp-content\/uploads\/2026\/03\/Reuniao-10_Abr-1-768x789.jpeg 768w, https:\/\/acrj.org.br\/wp-content\/uploads\/2026\/03\/Reuniao-10_Abr-1-1496x1536.jpeg 1496w, https:\/\/acrj.org.br\/wp-content\/uploads\/2026\/03\/Reuniao-10_Abr-1.jpeg 1558w\" sizes=\"(max-width: 997px) 100vw, 997px\" \/><\/figure>\n","protected":false},"excerpt":{"rendered":"<p>O Conselho Empresarial de Governan\u00e7a, Compliance e Diversidade da ACRJ e o IBGC (Instituto Brasileiro de Governan\u00e7a Corporativa) promovem, dia 10 de abril, um semin\u00e1rio&hellip;<\/p>\n","protected":false},"author":3,"featured_media":42117,"comment_status":"closed","ping_status":"closed","sticky":false,"template":"","format":"standard","meta":{"_exactmetrics_skip_tracking":false,"_exactmetrics_sitenote_active":false,"_exactmetrics_sitenote_note":"","_exactmetrics_sitenote_category":0,"footnotes":""},"categories":[83],"tags":[],"class_list":["post-42116","post","type-post","status-publish","format-standard","has-post-thumbnail","hentry","category-eventos_acrj"],"_links":{"self":[{"href":"https:\/\/acrj.org.br\/index.php\/wp-json\/wp\/v2\/posts\/42116","targetHints":{"allow":["GET"]}}],"collection":[{"href":"https:\/\/acrj.org.br\/index.php\/wp-json\/wp\/v2\/posts"}],"about":[{"href":"https:\/\/acrj.org.br\/index.php\/wp-json\/wp\/v2\/types\/post"}],"author":[{"embeddable":true,"href":"https:\/\/acrj.org.br\/index.php\/wp-json\/wp\/v2\/users\/3"}],"replies":[{"embeddable":true,"href":"https:\/\/acrj.org.br\/index.php\/wp-json\/wp\/v2\/comments?post=42116"}],"version-history":[{"count":3,"href":"https:\/\/acrj.org.br\/index.php\/wp-json\/wp\/v2\/posts\/42116\/revisions"}],"predecessor-version":[{"id":42123,"href":"https:\/\/acrj.org.br\/index.php\/wp-json\/wp\/v2\/posts\/42116\/revisions\/42123"}],"wp:featuredmedia":[{"embeddable":true,"href":"https:\/\/acrj.org.br\/index.php\/wp-json\/wp\/v2\/media\/42117"}],"wp:attachment":[{"href":"https:\/\/acrj.org.br\/index.php\/wp-json\/wp\/v2\/media?parent=42116"}],"wp:term":[{"taxonomy":"category","embeddable":true,"href":"https:\/\/acrj.org.br\/index.php\/wp-json\/wp\/v2\/categories?post=42116"},{"taxonomy":"post_tag","embeddable":true,"href":"https:\/\/acrj.org.br\/index.php\/wp-json\/wp\/v2\/tags?post=42116"}],"curies":[{"name":"wp","href":"https:\/\/api.w.org\/{rel}","templated":true}]}}