{"id":42079,"date":"2026-03-06T15:17:08","date_gmt":"2026-03-06T18:17:08","guid":{"rendered":"https:\/\/acrj.org.br\/?p=42079"},"modified":"2026-03-11T16:36:54","modified_gmt":"2026-03-11T19:36:54","slug":"especialistas-falam-sobre-governanca-em-grandes-eventos-legado-e-licoes-aprendidas","status":"publish","type":"post","link":"https:\/\/acrj.org.br\/index.php\/2026\/03\/06\/especialistas-falam-sobre-governanca-em-grandes-eventos-legado-e-licoes-aprendidas\/","title":{"rendered":"Especialistas falam sobre Governan\u00e7a em grandes eventos, legado e li\u00e7\u00f5es aprendidas"},"content":{"rendered":"\n<p>O Conselho Empresarial de Governan\u00e7a, Compliance e Diversidade da ACRJ recebeu, dia 6\/3, Carlos Roberto Osorio, (Comit\u00ea Organizador do Panamericano de 2007), Alexandre Techima, Luiz Rodolfo Ryff e Sidney Levy (todos participaram do Comit\u00ea Rio 2016) para o debate sobre \u201cGovernan\u00e7a em grandes eventos: uma estrutura integrada para o desenvolvimento do Rio de Janeiro\u201d.<\/p>\n\n\n\n<figure class=\"wp-block-image size-large is-resized\"><img fetchpriority=\"high\" decoding=\"async\" width=\"1024\" height=\"493\" src=\"https:\/\/acrj.org.br\/wp-content\/uploads\/2026\/03\/grupo-1024x493.jpg\" alt=\"\" class=\"wp-image-42082\" style=\"width:500px\" srcset=\"https:\/\/acrj.org.br\/wp-content\/uploads\/2026\/03\/grupo-1024x493.jpg 1024w, https:\/\/acrj.org.br\/wp-content\/uploads\/2026\/03\/grupo-300x144.jpg 300w, https:\/\/acrj.org.br\/wp-content\/uploads\/2026\/03\/grupo-768x370.jpg 768w, https:\/\/acrj.org.br\/wp-content\/uploads\/2026\/03\/grupo-1536x740.jpg 1536w, https:\/\/acrj.org.br\/wp-content\/uploads\/2026\/03\/grupo-2048x986.jpg 2048w\" sizes=\"(max-width: 1024px) 100vw, 1024px\" \/><\/figure>\n\n\n\n<p>A reuni\u00e3o foi coordenada pelo presidente do Conselho, Humberto Mota Filho, e contou com a presen\u00e7a do presidente da ACRJ, Josier Vilar; do ex-presidente da ACRJ, Grande Benem\u00e9rito Humberto Mota; e do presidente do Conselho Superior, Ruy Barreto Filho.<\/p>\n\n\n\n<figure class=\"wp-block-image size-large is-resized\"><img decoding=\"async\" width=\"1024\" height=\"569\" src=\"https:\/\/acrj.org.br\/wp-content\/uploads\/2026\/03\/josier-1-1024x569.jpg\" alt=\"\" class=\"wp-image-42081\" style=\"width:500px\" srcset=\"https:\/\/acrj.org.br\/wp-content\/uploads\/2026\/03\/josier-1-1024x569.jpg 1024w, https:\/\/acrj.org.br\/wp-content\/uploads\/2026\/03\/josier-1-300x167.jpg 300w, https:\/\/acrj.org.br\/wp-content\/uploads\/2026\/03\/josier-1-768x427.jpg 768w, https:\/\/acrj.org.br\/wp-content\/uploads\/2026\/03\/josier-1-1536x853.jpg 1536w, https:\/\/acrj.org.br\/wp-content\/uploads\/2026\/03\/josier-1-2048x1138.jpg 2048w\" sizes=\"(max-width: 1024px) 100vw, 1024px\" \/><figcaption class=\"wp-element-caption\"><em>Humberto Filho, Humberto Mota e Josier Vilar<\/em><\/figcaption><\/figure>\n\n\n\n<p>Os convidados focaram em um tema estrat\u00e9gico para a cidade: como a governan\u00e7a e o compliance transformam grandes eventos em motores de desenvolvimento sustent\u00e1vel e \u00e9tico. O debate girou em torno da profissionaliza\u00e7\u00e3o da gest\u00e3o p\u00fablica e privada, utilizando as li\u00e7\u00f5es aprendidas nos Jogos Ol\u00edmpicos e no Pan-Americano para moldar a promo\u00e7\u00e3o de eventos futuros no Rio.<\/p>\n\n\n\n<p>Sidney Levy, que foi CEO do Comit\u00ea Ol\u00edmpico Rio 2016, abriu o debate falando sobre os investimentos necess\u00e1rios para realizar grandes eventos e contando como chegar a algumas solu\u00e7\u00f5es para impasses log\u00edsticos e operacionais. Ele deu o exemplo da realiza\u00e7\u00e3o das competi\u00e7\u00f5es de vela na Ba\u00eda de Guanabara e o fechamento do aeroporto Santos Dumont, cuja melhor solu\u00e7\u00e3o encontrada na \u00e9poca foi sugerida por um funcion\u00e1rio p\u00fablico.<\/p>\n\n\n\n<p>\u201cDentro da m\u00e1quina p\u00fablica brasileira existe gente que sabe resolver todos os problemas, mas eles est\u00e3o escondidos atr\u00e1s de cargos pol\u00edticos. O papel do l\u00edder e da sociedade organizada n\u00e3o \u00e9 brigar com a m\u00e1quina p\u00fablica, mas ter a habilidade de &#8220;garimpar&#8221; e dialogar com esses t\u00e9cnicos competentes que det\u00eam a solu\u00e7\u00e3o pr\u00e1tica, permitindo que o capital e a opera\u00e7\u00e3o fluam\u201d, disse.<\/p>\n\n\n\n<figure class=\"wp-block-image size-large is-resized\"><img decoding=\"async\" width=\"2521\" height=\"1418\" src=\"https:\/\/acrj.org.br\/wp-content\/uploads\/2026\/03\/sidney-levy-edited.jpg\" alt=\"\" class=\"wp-image-42084\" style=\"width:500px\" srcset=\"https:\/\/acrj.org.br\/wp-content\/uploads\/2026\/03\/sidney-levy-edited.jpg 2521w, https:\/\/acrj.org.br\/wp-content\/uploads\/2026\/03\/sidney-levy-edited-300x169.jpg 300w, https:\/\/acrj.org.br\/wp-content\/uploads\/2026\/03\/sidney-levy-edited-1024x576.jpg 1024w, https:\/\/acrj.org.br\/wp-content\/uploads\/2026\/03\/sidney-levy-edited-768x432.jpg 768w, https:\/\/acrj.org.br\/wp-content\/uploads\/2026\/03\/sidney-levy-edited-1536x864.jpg 1536w, https:\/\/acrj.org.br\/wp-content\/uploads\/2026\/03\/sidney-levy-edited-2048x1152.jpg 2048w\" sizes=\"(max-width: 2521px) 100vw, 2521px\" \/><figcaption class=\"wp-element-caption\"><em>Sidney Levy (d.) abriu os debates<\/em><\/figcaption><\/figure>\n\n\n\n<p>Em seguida, Carlos Roberto Osorio, secret\u00e1rio-geral do Comit\u00ea organizador do Pan-Americano Rio 2007, fez um breve resumo sobre os bastidores e desafios da trajet\u00f3ria do Rio de Janeiro at\u00e9 se tornar sede dos Jogos em 2007, cuja jornada come\u00e7ou ainda na d\u00e9cada de 1990, com uma candidatura inicial de Bras\u00edlia para os Jogos Ol\u00edmpicos de 2000 e depois em 2004 que n\u00e3o se concretizaram.<\/p>\n\n\n\n<p>&nbsp;\u201cAp\u00f3s sucessivas derrotas, o Brasil compreendeu que precisava provar sua capacidade de entrega. Em vez de insistir diretamente nas Olimp\u00edadas, o foco mudou para os Jogos Pan-Americanos de 2007. Este evento serviu como teste de fogo necess\u00e1rio para ganhar a confian\u00e7a internacional e alinhar as esferas federal, estadual e municipal. O sucesso foi fruto de um aprendizado cont\u00ednuo sobre governan\u00e7a e articula\u00e7\u00e3o entre governo e sociedade\u201d, afirmou.<\/p>\n\n\n\n<figure class=\"wp-block-image size-large is-resized\"><img loading=\"lazy\" decoding=\"async\" width=\"1024\" height=\"560\" src=\"https:\/\/acrj.org.br\/wp-content\/uploads\/2026\/03\/osorio-1024x560.jpg\" alt=\"\" class=\"wp-image-42085\" style=\"width:500px\" srcset=\"https:\/\/acrj.org.br\/wp-content\/uploads\/2026\/03\/osorio-1024x560.jpg 1024w, https:\/\/acrj.org.br\/wp-content\/uploads\/2026\/03\/osorio-300x164.jpg 300w, https:\/\/acrj.org.br\/wp-content\/uploads\/2026\/03\/osorio-768x420.jpg 768w, https:\/\/acrj.org.br\/wp-content\/uploads\/2026\/03\/osorio-1536x840.jpg 1536w, https:\/\/acrj.org.br\/wp-content\/uploads\/2026\/03\/osorio-2048x1120.jpg 2048w\" sizes=\"(max-width: 1024px) 100vw, 1024px\" \/><figcaption class=\"wp-element-caption\"><em>Carlos Osorio falou sobre o Pan 2007<\/em><\/figcaption><\/figure>\n\n\n\n<p>O ex-diretor de Integra\u00e7\u00e3o e Infraestrutura da Rio 2016, Alexandre Techima, fez uma apresenta\u00e7\u00e3o sobre como a governan\u00e7a estrat\u00e9gica e o planejamento urbano permitiram que o Rio de Janeiro executasse um dos projetos ol\u00edmpicos mais eficientes financeiramente, alinhando as necessidades do evento \u00e0s car\u00eancias reais da cidade. \u201cA estrat\u00e9gia foi baseada na divis\u00e3o da cidade em quatro zonas com necessidades distintas, permitindo que os Jogos servissem como motor de revitaliza\u00e7\u00e3o espec\u00edfico para cada uma\u201d, explicou.<\/p>\n\n\n\n<p>Um dos pilares do sucesso, segundo ele, foi a cria\u00e7\u00e3o de um comit\u00ea especial p\u00f3s-Pan que reuniu 28 secretarias municipais e estaduais. \u201cA chave foi o consenso e o respeito absoluto \u00e0 compet\u00eancia de cada ente p\u00fablico, evitando conflitos de hierarquia\u201d, acrescentou. E enfatizou que o &#8220;segredo&#8221; do custo-benef\u00edcio do evento foi a otimiza\u00e7\u00e3o do capital privado. \u201cGrandes estruturas caras, como o Parque Ol\u00edmpico, Vilas, Centro de M\u00eddia e Centro de Transmiss\u00e3o foram financiadas majoritariamente por entes privados. O investimento p\u00fablico foi concentrado no que era essencial e deixaria legado direto para a popula\u00e7\u00e3o\u201d, explicou.<\/p>\n\n\n\n<figure class=\"wp-block-image size-large is-resized\"><img loading=\"lazy\" decoding=\"async\" width=\"1024\" height=\"501\" src=\"https:\/\/acrj.org.br\/wp-content\/uploads\/2026\/03\/alexandre-1024x501.jpg\" alt=\"\" class=\"wp-image-42087\" style=\"width:500px\" srcset=\"https:\/\/acrj.org.br\/wp-content\/uploads\/2026\/03\/alexandre-1024x501.jpg 1024w, https:\/\/acrj.org.br\/wp-content\/uploads\/2026\/03\/alexandre-300x147.jpg 300w, https:\/\/acrj.org.br\/wp-content\/uploads\/2026\/03\/alexandre-768x376.jpg 768w, https:\/\/acrj.org.br\/wp-content\/uploads\/2026\/03\/alexandre-1536x752.jpg 1536w, https:\/\/acrj.org.br\/wp-content\/uploads\/2026\/03\/alexandre-2048x1003.jpg 2048w\" sizes=\"(max-width: 1024px) 100vw, 1024px\" \/><figcaption class=\"wp-element-caption\"><em>Ex-diretor de Integra\u00e7\u00e3o e Infraestrutura da Rio 2016, Alexandre Techima<\/em><\/figcaption><\/figure>\n\n\n\n<p>Luiz Rodolfo Ryff, ex-diretor Jur\u00eddico da Rio 2016, abordou as quest\u00f5es jur\u00eddicas, burocr\u00e1ticas e operacionais da prepara\u00e7\u00e3o para os Jogos Ol\u00edmpicos no Rio de Janeiro, destacando que o legado n\u00e3o foi apenas f\u00edsico. \u201cO sistema de monitoramento de obras e planilhas de controle desenvolvido na \u00e9poca tornou-se um modelo de gest\u00e3o de recursos e mobilidade que ainda serve como refer\u00eancia para projetos p\u00fablicos atuais\u201d, ressaltou.<\/p>\n\n\n\n<p>No in\u00edcio, segundo ele, o Comit\u00ea Organizador era uma estrutura m\u00ednima, com cerca 24 pessoas, sem processos, cultura ou governan\u00e7a definida. \u201cNo auge, chegou a quase 600 colaboradores\u201d. Luiz Ryff foi respons\u00e1vel por implementar pol\u00edticas de compliance, c\u00f3digos de \u00e9tica, fluxos de viagem e auditorias, com apoio de consultorias, para profissionalizar a gest\u00e3o e responder aos \u00f3rg\u00e3os de controle. Ryff tamb\u00e9m enfatizou que um dos maiores ganhos foi a forma\u00e7\u00e3o de profissionais brasileiros altamente qualificados em grandes eventos, com o conhecimento adquirido nos Jogos de 2016.<\/p>\n\n\n\n<figure class=\"wp-block-image size-large is-resized\"><img loading=\"lazy\" decoding=\"async\" width=\"2560\" height=\"1440\" src=\"https:\/\/acrj.org.br\/wp-content\/uploads\/2026\/03\/luiz-ryff-1-edited-scaled.jpg\" alt=\"\" class=\"wp-image-42093\" style=\"width:500px\" srcset=\"https:\/\/acrj.org.br\/wp-content\/uploads\/2026\/03\/luiz-ryff-1-edited-scaled.jpg 2560w, https:\/\/acrj.org.br\/wp-content\/uploads\/2026\/03\/luiz-ryff-1-edited-300x169.jpg 300w, https:\/\/acrj.org.br\/wp-content\/uploads\/2026\/03\/luiz-ryff-1-edited-1024x576.jpg 1024w, https:\/\/acrj.org.br\/wp-content\/uploads\/2026\/03\/luiz-ryff-1-edited-768x432.jpg 768w, https:\/\/acrj.org.br\/wp-content\/uploads\/2026\/03\/luiz-ryff-1-edited-1536x864.jpg 1536w, https:\/\/acrj.org.br\/wp-content\/uploads\/2026\/03\/luiz-ryff-1-edited-2048x1152.jpg 2048w\" sizes=\"(max-width: 2560px) 100vw, 2560px\" \/><figcaption class=\"wp-element-caption\"><em>Luiz Rodolfo Ryff (d.) foi diretor Jur\u00eddico da Rio 2016<\/em><\/figcaption><\/figure>\n\n\n\n<p>Depois de agradecer a presen\u00e7a de todos no encontro, Humberto Filho finalizou o encontro destacando o bom momento para este debate, j\u00e1 que o Rio busca reafirmar sua posi\u00e7\u00e3o como hub global de neg\u00f3cios. Ele chamou a aten\u00e7\u00e3o para a presen\u00e7a de integrantes dos Comit\u00eas Rio 2016 e Rio 2007, dois grandes momentos para a cidade do Rio. \u201cA presen\u00e7a de voc\u00eas nos proporcionou uma an\u00e1lise cr\u00edtica sobre o que a cidade fez certo, os erros cometidos e como aplicar esse manual de sobreviv\u00eancia aos novos desafios da cidade\u201d, disse.<\/p>\n\n\n\n<figure class=\"wp-block-image size-large is-resized\"><img loading=\"lazy\" decoding=\"async\" width=\"2277\" height=\"1280\" src=\"https:\/\/acrj.org.br\/wp-content\/uploads\/2026\/03\/ruy-edited.jpg\" alt=\"\" class=\"wp-image-42098\" style=\"width:500px\" srcset=\"https:\/\/acrj.org.br\/wp-content\/uploads\/2026\/03\/ruy-edited.jpg 2277w, https:\/\/acrj.org.br\/wp-content\/uploads\/2026\/03\/ruy-edited-300x169.jpg 300w, https:\/\/acrj.org.br\/wp-content\/uploads\/2026\/03\/ruy-edited-1024x576.jpg 1024w, https:\/\/acrj.org.br\/wp-content\/uploads\/2026\/03\/ruy-edited-768x432.jpg 768w, https:\/\/acrj.org.br\/wp-content\/uploads\/2026\/03\/ruy-edited-1536x863.jpg 1536w, https:\/\/acrj.org.br\/wp-content\/uploads\/2026\/03\/ruy-edited-2048x1151.jpg 2048w\" sizes=\"(max-width: 2277px) 100vw, 2277px\" \/><\/figure>\n","protected":false},"excerpt":{"rendered":"<p>Carlos Roberto Osorio, (Comit\u00ea Organizador do Panamericano de 2007), Alexandre Techima, Luiz Rodolfo Ryff e Sidney Levy (todos participaram do Comit\u00ea Rio 2016) participaram do debate.<\/p>\n","protected":false},"author":3,"featured_media":42080,"comment_status":"closed","ping_status":"closed","sticky":false,"template":"","format":"standard","meta":{"_exactmetrics_skip_tracking":false,"_exactmetrics_sitenote_active":false,"_exactmetrics_sitenote_note":"","_exactmetrics_sitenote_category":0,"footnotes":""},"categories":[56,10],"tags":[],"class_list":["post-42079","post","type-post","status-publish","format-standard","has-post-thumbnail","hentry","category-destaque_conselhos","category-noticias"],"_links":{"self":[{"href":"https:\/\/acrj.org.br\/index.php\/wp-json\/wp\/v2\/posts\/42079","targetHints":{"allow":["GET"]}}],"collection":[{"href":"https:\/\/acrj.org.br\/index.php\/wp-json\/wp\/v2\/posts"}],"about":[{"href":"https:\/\/acrj.org.br\/index.php\/wp-json\/wp\/v2\/types\/post"}],"author":[{"embeddable":true,"href":"https:\/\/acrj.org.br\/index.php\/wp-json\/wp\/v2\/users\/3"}],"replies":[{"embeddable":true,"href":"https:\/\/acrj.org.br\/index.php\/wp-json\/wp\/v2\/comments?post=42079"}],"version-history":[{"count":10,"href":"https:\/\/acrj.org.br\/index.php\/wp-json\/wp\/v2\/posts\/42079\/revisions"}],"predecessor-version":[{"id":42138,"href":"https:\/\/acrj.org.br\/index.php\/wp-json\/wp\/v2\/posts\/42079\/revisions\/42138"}],"wp:featuredmedia":[{"embeddable":true,"href":"https:\/\/acrj.org.br\/index.php\/wp-json\/wp\/v2\/media\/42080"}],"wp:attachment":[{"href":"https:\/\/acrj.org.br\/index.php\/wp-json\/wp\/v2\/media?parent=42079"}],"wp:term":[{"taxonomy":"category","embeddable":true,"href":"https:\/\/acrj.org.br\/index.php\/wp-json\/wp\/v2\/categories?post=42079"},{"taxonomy":"post_tag","embeddable":true,"href":"https:\/\/acrj.org.br\/index.php\/wp-json\/wp\/v2\/tags?post=42079"}],"curies":[{"name":"wp","href":"https:\/\/api.w.org\/{rel}","templated":true}]}}