{"id":42075,"date":"2026-03-06T14:48:59","date_gmt":"2026-03-06T17:48:59","guid":{"rendered":"https:\/\/acrj.org.br\/?p=42075"},"modified":"2026-03-31T13:23:44","modified_gmt":"2026-03-31T16:23:44","slug":"manifesto-da-acrj-contra-a-desapropriacao-de-imovel-comercial-ativo-em-botafogo","status":"publish","type":"post","link":"https:\/\/acrj.org.br\/index.php\/2026\/03\/06\/manifesto-da-acrj-contra-a-desapropriacao-de-imovel-comercial-ativo-em-botafogo\/","title":{"rendered":"Manifesto da ACRJ contra a desapropria\u00e7\u00e3o de im\u00f3vel comercial ativo em Botafogo"},"content":{"rendered":"\n<p>\u200bA utiliza\u00e7\u00e3o, pela Prefeitura do Rio de Janeiro, do instrumento legal da hasta p\u00fablica para viabilizar a desapropria\u00e7\u00e3o de um im\u00f3vel comercial ativo \u2014 em pleno funcionamento, bem conservado e rigorosamente em dia com suas obriga\u00e7\u00f5es tribut\u00e1rias \u2014 causa profunda preocupa\u00e7\u00e3o.<\/p>\n\n\n\n<p>\u200bTrata-se de uma medida que, al\u00e9m de desproporcional, transmite ao mercado um sinal inequ\u00edvoco de inseguran\u00e7a jur\u00eddica, fator reconhecidamente nocivo ao ambiente de neg\u00f3cios e \u00e0 atra\u00e7\u00e3o de investimentos para a cidade.<\/p>\n\n\n\n<p>\u200bInstrumentos legais de exce\u00e7\u00e3o n\u00e3o devem ser utilizados para interferir em atividades econ\u00f4micas regulares e leg\u00edtimas. Quando o poder p\u00fablico recorre a mecanismos dessa natureza em situa\u00e7\u00f5es nas quais n\u00e3o se verifica abandono, degrada\u00e7\u00e3o urbana ou inadimpl\u00eancia fiscal, cria-se um precedente perigoso para a estabilidade das rela\u00e7\u00f5es entre o setor p\u00fablico e o setor privado.<\/p>\n\n\n\n<p>\u200bO Rio de Janeiro precisa, mais do que nunca, fortalecer a confian\u00e7a de empreendedores, investidores e institui\u00e7\u00f5es na previsibilidade das regras e no respeito \u00e0 atividade econ\u00f4mica leg\u00edtima.<\/p>\n\n\n\n<p>\u200bPor essa raz\u00e3o, esperamos e confiamos que o Prefeito do Rio de Janeiro reavalie essa decis\u00e3o, preservando os princ\u00edpios de seguran\u00e7a jur\u00eddica, equil\u00edbrio institucional e respeito ao ambiente de neg\u00f3cios que a cidade tanto necessita para prosperar.<\/p>\n\n\n\n<p>\u200bRio de Janeiro, 6 de mar\u00e7o de 2026<\/p>\n\n\n\n<p>\u200bAssocia\u00e7\u00e3o Comercial do Rio de Janeiro &#8211; ACRJ<\/p>\n","protected":false},"excerpt":{"rendered":"<p>\u200bA utiliza\u00e7\u00e3o, pela Prefeitura do Rio de Janeiro, do instrumento legal da hasta p\u00fablica para viabilizar a desapropria\u00e7\u00e3o de um im\u00f3vel comercial ativo \u2014 em&hellip;<\/p>\n","protected":false},"author":3,"featured_media":42078,"comment_status":"closed","ping_status":"closed","sticky":false,"template":"","format":"standard","meta":{"_exactmetrics_skip_tracking":false,"_exactmetrics_sitenote_active":false,"_exactmetrics_sitenote_note":"","_exactmetrics_sitenote_category":0,"footnotes":""},"categories":[10],"tags":[],"class_list":["post-42075","post","type-post","status-publish","format-standard","has-post-thumbnail","hentry","category-noticias"],"_links":{"self":[{"href":"https:\/\/acrj.org.br\/index.php\/wp-json\/wp\/v2\/posts\/42075","targetHints":{"allow":["GET"]}}],"collection":[{"href":"https:\/\/acrj.org.br\/index.php\/wp-json\/wp\/v2\/posts"}],"about":[{"href":"https:\/\/acrj.org.br\/index.php\/wp-json\/wp\/v2\/types\/post"}],"author":[{"embeddable":true,"href":"https:\/\/acrj.org.br\/index.php\/wp-json\/wp\/v2\/users\/3"}],"replies":[{"embeddable":true,"href":"https:\/\/acrj.org.br\/index.php\/wp-json\/wp\/v2\/comments?post=42075"}],"version-history":[{"count":1,"href":"https:\/\/acrj.org.br\/index.php\/wp-json\/wp\/v2\/posts\/42075\/revisions"}],"predecessor-version":[{"id":42077,"href":"https:\/\/acrj.org.br\/index.php\/wp-json\/wp\/v2\/posts\/42075\/revisions\/42077"}],"wp:featuredmedia":[{"embeddable":true,"href":"https:\/\/acrj.org.br\/index.php\/wp-json\/wp\/v2\/media\/42078"}],"wp:attachment":[{"href":"https:\/\/acrj.org.br\/index.php\/wp-json\/wp\/v2\/media?parent=42075"}],"wp:term":[{"taxonomy":"category","embeddable":true,"href":"https:\/\/acrj.org.br\/index.php\/wp-json\/wp\/v2\/categories?post=42075"},{"taxonomy":"post_tag","embeddable":true,"href":"https:\/\/acrj.org.br\/index.php\/wp-json\/wp\/v2\/tags?post=42075"}],"curies":[{"name":"wp","href":"https:\/\/api.w.org\/{rel}","templated":true}]}}