{"id":42061,"date":"2026-03-04T16:20:17","date_gmt":"2026-03-04T19:20:17","guid":{"rendered":"https:\/\/acrj.org.br\/?p=42061"},"modified":"2026-03-04T16:43:33","modified_gmt":"2026-03-04T19:43:33","slug":"nota-de-pesar-15","status":"publish","type":"post","link":"https:\/\/acrj.org.br\/index.php\/2026\/03\/04\/nota-de-pesar-15\/","title":{"rendered":"Nota de Pesar"},"content":{"rendered":"\n<p>O presidente da Associa\u00e7\u00e3o Comercial do Rio de Janeiro, Josier Vilar, o presidente do Conselho Superior, Ruy Barreto Filho, e toda a diretoria da Casa de Mau\u00e1 lamentam profundamente a perda do ex-diretor da ACRJ, comandante Milton Ferreira Tito, que durante 30 anos foi membro do Conselho Diretor e de diversos Conselhos Empresariais da Casa.<\/p>\n\n\n\n<p>Participou dos Conselhos de Economia, de Turismo e Conselho de Log\u00edstica da ACRJ, neste \u00faltimo participou dos esfor\u00e7os em defesa da Companhia Docas do Rio\/Porto do Rio e para a implanta\u00e7\u00e3o da Lei dos Portos. Capit\u00e3o de Mar e Guerra, Comandante Tito tinha 93 anos e foi um Oficial de destacada carreira na Marinha e atuou em diversas Institui\u00e7\u00f5es em nossa sociedade. Toda solidariedade aos seus familiares e amigos neste momento.<\/p>\n\n\n\n<p>O vel\u00f3rio ser\u00e1 realizado amanh\u00e3 (5\/3), no cemit\u00e9rio S\u00e3o Jo\u00e3o Batista, em Botafogo, \u00e0s 12 horas.<\/p>\n","protected":false},"excerpt":{"rendered":"<p>O presidente da Associa\u00e7\u00e3o Comercial do Rio de Janeiro, Josier Vilar, o presidente do Conselho Superior, Ruy Barreto Filho, e toda a diretoria da Casa&hellip;<\/p>\n","protected":false},"author":3,"featured_media":36769,"comment_status":"closed","ping_status":"closed","sticky":false,"template":"","format":"standard","meta":{"_exactmetrics_skip_tracking":false,"_exactmetrics_sitenote_active":false,"_exactmetrics_sitenote_note":"","_exactmetrics_sitenote_category":0,"footnotes":""},"categories":[10],"tags":[],"class_list":["post-42061","post","type-post","status-publish","format-standard","has-post-thumbnail","hentry","category-noticias"],"_links":{"self":[{"href":"https:\/\/acrj.org.br\/index.php\/wp-json\/wp\/v2\/posts\/42061","targetHints":{"allow":["GET"]}}],"collection":[{"href":"https:\/\/acrj.org.br\/index.php\/wp-json\/wp\/v2\/posts"}],"about":[{"href":"https:\/\/acrj.org.br\/index.php\/wp-json\/wp\/v2\/types\/post"}],"author":[{"embeddable":true,"href":"https:\/\/acrj.org.br\/index.php\/wp-json\/wp\/v2\/users\/3"}],"replies":[{"embeddable":true,"href":"https:\/\/acrj.org.br\/index.php\/wp-json\/wp\/v2\/comments?post=42061"}],"version-history":[{"count":6,"href":"https:\/\/acrj.org.br\/index.php\/wp-json\/wp\/v2\/posts\/42061\/revisions"}],"predecessor-version":[{"id":42068,"href":"https:\/\/acrj.org.br\/index.php\/wp-json\/wp\/v2\/posts\/42061\/revisions\/42068"}],"wp:featuredmedia":[{"embeddable":true,"href":"https:\/\/acrj.org.br\/index.php\/wp-json\/wp\/v2\/media\/36769"}],"wp:attachment":[{"href":"https:\/\/acrj.org.br\/index.php\/wp-json\/wp\/v2\/media?parent=42061"}],"wp:term":[{"taxonomy":"category","embeddable":true,"href":"https:\/\/acrj.org.br\/index.php\/wp-json\/wp\/v2\/categories?post=42061"},{"taxonomy":"post_tag","embeddable":true,"href":"https:\/\/acrj.org.br\/index.php\/wp-json\/wp\/v2\/tags?post=42061"}],"curies":[{"name":"wp","href":"https:\/\/api.w.org\/{rel}","templated":true}]}}