{"id":42034,"date":"2026-03-04T15:26:35","date_gmt":"2026-03-04T18:26:35","guid":{"rendered":"https:\/\/acrj.org.br\/?p=42034"},"modified":"2026-03-09T12:05:33","modified_gmt":"2026-03-09T15:05:33","slug":"conselhos-empresariais-realizam-1a-reuniao-de-alinhamento-estrategico-do-ano","status":"publish","type":"post","link":"https:\/\/acrj.org.br\/index.php\/2026\/03\/04\/conselhos-empresariais-realizam-1a-reuniao-de-alinhamento-estrategico-do-ano\/","title":{"rendered":"Conselhos Empresariais realizam 1\u00aa reuni\u00e3o de Alinhamento Estrat\u00e9gico do ano"},"content":{"rendered":"\n<p>O vice-presidente dos Conselhos Empresariais da ACRJ, Juedir Teixeira, abriu, dia 3 de mar\u00e7o, a primeira reuni\u00e3o do ano de Alinhamento Estrat\u00e9gico dos Conselhos Empresariais, explicando que o objetivo do encontro foi identificar sinergias e explorar a viabilidade de projetos colaborativos entre os 23 Conselhos Empresariais da Associa\u00e7\u00e3o Comercial.<\/p>\n\n\n\n<p>Em seguida, o presidente da ACRJ, Josier Vilar, destacou que o foco principal da ACRJ este ano ser\u00e1 a apresenta\u00e7\u00e3o de um conjunto de ideias e a\u00e7\u00f5es com o objetivo de transformar o Rio de Janeiro em uma cidade inteligente e amais atrativa para os neg\u00f3cios. Ele mencionou os projetos em andamento que deixar\u00e1 como legado, entre eles, o &#8220;Ninho do Empreendedor&#8221;, o &#8220;F\u00f3rum do Empreendedor&#8221;, que est\u00e1 em sua 4\u00aa edi\u00e7\u00e3o e acontecer\u00e1 dias 22 e 23 de julho, e, por fim, o projeto de restauro do edif\u00edcio-sede da ACRJ, visando torn\u00e1-lo um pr\u00e9dio inteligente com emiss\u00e3o zero de carbono. \u201cEste pr\u00e9dio ser\u00e1 ic\u00f4nico e uma refer\u00eancia para institui\u00e7\u00f5es que representam o ecossistema empresarial do Rio de Janeiro\u201d, adiantou.<\/p>\n\n\n\n<figure class=\"wp-block-image size-large is-resized\"><img fetchpriority=\"high\" decoding=\"async\" width=\"2105\" height=\"1184\" src=\"https:\/\/acrj.org.br\/wp-content\/uploads\/2026\/03\/josier-edited.jpg\" alt=\"\" class=\"wp-image-42038\" style=\"width:500px\" srcset=\"https:\/\/acrj.org.br\/wp-content\/uploads\/2026\/03\/josier-edited.jpg 2105w, https:\/\/acrj.org.br\/wp-content\/uploads\/2026\/03\/josier-edited-300x169.jpg 300w, https:\/\/acrj.org.br\/wp-content\/uploads\/2026\/03\/josier-edited-1024x576.jpg 1024w, https:\/\/acrj.org.br\/wp-content\/uploads\/2026\/03\/josier-edited-768x432.jpg 768w, https:\/\/acrj.org.br\/wp-content\/uploads\/2026\/03\/josier-edited-1536x864.jpg 1536w, https:\/\/acrj.org.br\/wp-content\/uploads\/2026\/03\/josier-edited-2048x1152.jpg 2048w\" sizes=\"(max-width: 2105px) 100vw, 2105px\" \/><figcaption class=\"wp-element-caption\"><em>Josier Vilar, ao lado de Carlos Osorio, participou da abertura da reuni\u00e3o <\/em><\/figcaption><\/figure>\n\n\n\n<p>Dando continuidade ao encontro, os presidentes de Conselhos presentes fizeram um r\u00e1pido balan\u00e7o de sua atua\u00e7\u00e3o e o vice-presidente Juedir Teixeira, fez uma apresenta\u00e7\u00e3o sobre os Conselhos Empresariais, seu objetivo e a import\u00e2ncia deste encontro de alinhamento estrat\u00e9gico. Ele explicou a din\u00e2mica da reuni\u00e3o e destacou a diversidade tem\u00e1tica dos Conselhos, que, em sua vis\u00e3o, \u00e9 o maior ativo da ACRJ para ampliar seu impacto no ambiente de neg\u00f3cios do Rio de Janeiro. \u201cS\u00e3o \u00e1reas muito diversas e abrangentes, que v\u00e3o desde com\u00e9rcio exterior, inova\u00e7\u00e3o, sustentabilidade, log\u00edstica, passando por economia solid\u00e1ria e terceiro setor, cultura, sa\u00fade, turismo, energia e varejo, entre tantas outras\u201d, disse.<\/p>\n\n\n\n<p>Os Conselheiros foram divididos em quatro grupos tem\u00e1ticos (descri\u00e7\u00e3o abaixo). Cada um deles debateu temas e propostas a serem desenvolvidos ao longo do ano. Os pr\u00f3ximos passos, a partir do m\u00eas de mar\u00e7o, incluem a consolida\u00e7\u00e3o dessas propostas pela coordena\u00e7\u00e3o dos Conselhos; a realiza\u00e7\u00e3o de reuni\u00f5es bilaterais de aprofundamento de cada uma delas; a apresenta\u00e7\u00e3o dos projetos ao presidente e \u00e0 Diretoria da ACRJ para aprova\u00e7\u00e3o; e o lan\u00e7amento oficial dos primeiros projetos conjuntos, com previs\u00e3o para o m\u00eas de junho.<\/p>\n\n\n\n<p><\/p>\n\n\n\n<figure class=\"wp-block-image size-large is-resized\"><img decoding=\"async\" width=\"2560\" height=\"1440\" src=\"https:\/\/acrj.org.br\/wp-content\/uploads\/2026\/03\/juedir-edited-scaled.jpg\" alt=\"\" class=\"wp-image-42041\" style=\"width:500px\" srcset=\"https:\/\/acrj.org.br\/wp-content\/uploads\/2026\/03\/juedir-edited-scaled.jpg 2560w, https:\/\/acrj.org.br\/wp-content\/uploads\/2026\/03\/juedir-edited-300x169.jpg 300w, https:\/\/acrj.org.br\/wp-content\/uploads\/2026\/03\/juedir-edited-1024x576.jpg 1024w, https:\/\/acrj.org.br\/wp-content\/uploads\/2026\/03\/juedir-edited-768x432.jpg 768w, https:\/\/acrj.org.br\/wp-content\/uploads\/2026\/03\/juedir-edited-1536x864.jpg 1536w, https:\/\/acrj.org.br\/wp-content\/uploads\/2026\/03\/juedir-edited-2048x1152.jpg 2048w\" sizes=\"(max-width: 2560px) 100vw, 2560px\" \/><figcaption class=\"wp-element-caption\"><em>Juedir Teixeira coordenou a reuni\u00e3o<\/em><\/figcaption><\/figure>\n\n\n\n<p><strong>GRUPOS TEM\u00c1TICOS<\/strong><\/p>\n\n\n\n<p><strong><mark style=\"background-color:#0693e3\" class=\"has-inline-color has-white-color\">Grupo 1<\/mark><\/strong><\/p>\n\n\n\n<p><strong>Integrantes<\/strong>: Paulo Ganime, Roberto Matias, Bruno Hora, Roberto Godinho, Thor Carvalho, Augusto Archer<\/p>\n\n\n\n<p><strong>Temas\/Projetos:<\/strong> ACRJ como Hub de Dados para apoiar o empres\u00e1rio carioca na tomada de melhores decis\u00f5es; e Academia ACRJ<\/p>\n\n\n\n<figure class=\"wp-block-image size-large is-resized\"><img decoding=\"async\" width=\"2560\" height=\"1439\" src=\"https:\/\/acrj.org.br\/wp-content\/uploads\/2026\/03\/grupos-edited-scaled.jpg\" alt=\"\" class=\"wp-image-42048\" style=\"width:500px\" srcset=\"https:\/\/acrj.org.br\/wp-content\/uploads\/2026\/03\/grupos-edited-scaled.jpg 2560w, https:\/\/acrj.org.br\/wp-content\/uploads\/2026\/03\/grupos-edited-300x169.jpg 300w, https:\/\/acrj.org.br\/wp-content\/uploads\/2026\/03\/grupos-edited-1024x576.jpg 1024w, https:\/\/acrj.org.br\/wp-content\/uploads\/2026\/03\/grupos-edited-768x432.jpg 768w, https:\/\/acrj.org.br\/wp-content\/uploads\/2026\/03\/grupos-edited-1536x864.jpg 1536w, https:\/\/acrj.org.br\/wp-content\/uploads\/2026\/03\/grupos-edited-2048x1152.jpg 2048w\" sizes=\"(max-width: 2560px) 100vw, 2560px\" \/><figcaption class=\"wp-element-caption\"><em>Grupos 1 e 3<\/em><\/figcaption><\/figure>\n\n\n\n<p><strong><mark style=\"background-color:#0693e3\" class=\"has-inline-color has-white-color\">Grupo 2<\/mark><\/strong><\/p>\n\n\n\n<p><strong>Integrantes<\/strong>: Michel Tauli, Fernando Potsch, Daniel Rocha, Leandro Tavares, Reinaldo P. Barreto, Sergio da Costa Silva<\/p>\n\n\n\n<p><strong>Tema\/Projeto:<\/strong> Empreendedorismo, turismo e eventos da economia prateada<\/p>\n\n\n\n<p><strong><mark style=\"background-color:#0693e3\" class=\"has-inline-color has-white-color\">Grupo 3<\/mark><\/strong><\/p>\n\n\n\n<p><strong>Integrantes<\/strong>: Carlos Osorio, Leonardo Maciel, C\u00e9lia Regina Gomes, David Ribeiro, Vicente Loureiro, S\u00e9rgio Vianna<\/p>\n\n\n\n<p><strong>Temas\/Projetos:<\/strong> Ativa\u00e7\u00e3o da Orla do Centro da Cidade \u2014 Albamar ao AquaRio (Roda Gigante); Revitaliza\u00e7\u00e3o do entorno da Central do Brasi; \u201cMetroliza\u00e7\u00e3o\u201d no Ramal de Deodoro (Central \u2013 Deodoro); e Projeto transversal: Motocicletas no Rio de Janeiro<\/p>\n\n\n\n<figure class=\"wp-block-image size-large is-resized\"><img loading=\"lazy\" decoding=\"async\" width=\"2560\" height=\"1439\" src=\"https:\/\/acrj.org.br\/wp-content\/uploads\/2026\/03\/grupos1-edited-scaled.jpg\" alt=\"\" class=\"wp-image-42046\" style=\"width:500px\" srcset=\"https:\/\/acrj.org.br\/wp-content\/uploads\/2026\/03\/grupos1-edited-scaled.jpg 2560w, https:\/\/acrj.org.br\/wp-content\/uploads\/2026\/03\/grupos1-edited-300x169.jpg 300w, https:\/\/acrj.org.br\/wp-content\/uploads\/2026\/03\/grupos1-edited-1024x575.jpg 1024w, https:\/\/acrj.org.br\/wp-content\/uploads\/2026\/03\/grupos1-edited-768x432.jpg 768w, https:\/\/acrj.org.br\/wp-content\/uploads\/2026\/03\/grupos1-edited-1536x863.jpg 1536w, https:\/\/acrj.org.br\/wp-content\/uploads\/2026\/03\/grupos1-edited-2048x1151.jpg 2048w\" sizes=\"(max-width: 2560px) 100vw, 2560px\" \/><figcaption class=\"wp-element-caption\"><em>Grupos 2 e 4<\/em><\/figcaption><\/figure>\n\n\n\n<p><strong><mark style=\"background-color:#0693e3\" class=\"has-inline-color has-white-color\">Grupo 4<\/mark><\/strong><\/p>\n\n\n\n<p><strong>Integrantes:<\/strong> C\u00e9lia Domingues, Pedro Serrano, Gabriel Kropsch, Ant\u00f4nio L\u00facio<\/p>\n\n\n\n<p><strong>Tema\/Projeto:<\/strong> Carnaval 365, com os eixos Favorecimento comercial; Favorecimento social; e Favorecimento art\u00edstico.<\/p>\n","protected":false},"excerpt":{"rendered":"<p>A ACRJ promoveu a primeira reuni\u00e3o do ano de Alinhamento Estrat\u00e9gico dos Conselhos Empresariais. O objetivo do encontro foi identificar sinergias e explorar a viabilidade de projetos colaborativos entre os 23 Conselhos Empresariais da Associa\u00e7\u00e3o Comercial.<\/p>\n","protected":false},"author":3,"featured_media":42036,"comment_status":"closed","ping_status":"closed","sticky":false,"template":"","format":"standard","meta":{"_exactmetrics_skip_tracking":false,"_exactmetrics_sitenote_active":false,"_exactmetrics_sitenote_note":"","_exactmetrics_sitenote_category":0,"footnotes":""},"categories":[56,10],"tags":[],"class_list":["post-42034","post","type-post","status-publish","format-standard","has-post-thumbnail","hentry","category-destaque_conselhos","category-noticias"],"_links":{"self":[{"href":"https:\/\/acrj.org.br\/index.php\/wp-json\/wp\/v2\/posts\/42034","targetHints":{"allow":["GET"]}}],"collection":[{"href":"https:\/\/acrj.org.br\/index.php\/wp-json\/wp\/v2\/posts"}],"about":[{"href":"https:\/\/acrj.org.br\/index.php\/wp-json\/wp\/v2\/types\/post"}],"author":[{"embeddable":true,"href":"https:\/\/acrj.org.br\/index.php\/wp-json\/wp\/v2\/users\/3"}],"replies":[{"embeddable":true,"href":"https:\/\/acrj.org.br\/index.php\/wp-json\/wp\/v2\/comments?post=42034"}],"version-history":[{"count":10,"href":"https:\/\/acrj.org.br\/index.php\/wp-json\/wp\/v2\/posts\/42034\/revisions"}],"predecessor-version":[{"id":42115,"href":"https:\/\/acrj.org.br\/index.php\/wp-json\/wp\/v2\/posts\/42034\/revisions\/42115"}],"wp:featuredmedia":[{"embeddable":true,"href":"https:\/\/acrj.org.br\/index.php\/wp-json\/wp\/v2\/media\/42036"}],"wp:attachment":[{"href":"https:\/\/acrj.org.br\/index.php\/wp-json\/wp\/v2\/media?parent=42034"}],"wp:term":[{"taxonomy":"category","embeddable":true,"href":"https:\/\/acrj.org.br\/index.php\/wp-json\/wp\/v2\/categories?post=42034"},{"taxonomy":"post_tag","embeddable":true,"href":"https:\/\/acrj.org.br\/index.php\/wp-json\/wp\/v2\/tags?post=42034"}],"curies":[{"name":"wp","href":"https:\/\/api.w.org\/{rel}","templated":true}]}}