{"id":41964,"date":"2026-03-04T15:04:00","date_gmt":"2026-03-04T18:04:00","guid":{"rendered":"https:\/\/acrj.org.br\/?p=41964"},"modified":"2026-03-11T16:41:17","modified_gmt":"2026-03-11T19:41:17","slug":"o-futuro-do-varejo-retencao-de-talentos-e-a-era-digital-em-discussao","status":"publish","type":"post","link":"https:\/\/acrj.org.br\/index.php\/2026\/03\/04\/o-futuro-do-varejo-retencao-de-talentos-e-a-era-digital-em-discussao\/","title":{"rendered":"O futuro do Varejo, a reten\u00e7\u00e3o de talentos e a era digital em discuss\u00e3o"},"content":{"rendered":"\n<p>O Conselho Empresarial de Desenvolvimento Humano e Educa\u00e7\u00e3o Corporativa da ACRJ promoveu um debate essencial sobre as transforma\u00e7\u00f5es que moldam o setor varejista. O encontro, realizado dia 26\/2, reuniu especialistas para diagnosticar os desafios internos da gest\u00e3o de pessoas e as demandas externas de um consumidor cada vez mais digital.<\/p>\n\n\n\n<p>O evento contou com a participa\u00e7\u00e3o de Antonio Lucio (LinkedIn Top Voice e especialista em Varejo), Juedir Teixeira (VP dos Conselhos Empresariais e presidente do Conselho de Varejo da ACRJ), Larissa Linden Mafra (gerente de RH do Supermercados Zona Sul) e Marco Antonio Bouhid (CEO da Hire Now Company), sob a media\u00e7\u00e3o de Roberto Godinho e Ma\u00edra Pimentel.<\/p>\n\n\n\n<p>O consenso entre os palestrantes \u00e9 de que o varejo precisa de uma adapta\u00e7\u00e3o cultural profunda que harmonize a valoriza\u00e7\u00e3o profissional, com planos de carreira claros e ambientes tecnologicamente estimulantes, e a integra\u00e7\u00e3o entre f\u00edsico e digital como forma de manter a relev\u00e2ncia para um consumidor cujos h\u00e1bitos mudam em ciclos cada vez mais curtos.<\/p>\n\n\n\n<p>A primeira parte do debate focou no chamado &#8220;apag\u00e3o&#8221; de m\u00e3o de obra no varejo, tema levantado pelo presidente do Conselho, Roberto Godinho, que segundo ele j\u00e1 uma realidade nas empresas. Larissa Mafra destacou que o setor em que atua enfrenta uma crise de engajamento no varejo f\u00edsico, intensificada pela mudan\u00e7a na rela\u00e7\u00e3o das pessoas com o trabalho ap\u00f3s a pandemia, o que dificulta a atra\u00e7\u00e3o para fun\u00e7\u00f5es operacionais.<\/p>\n\n\n\n<figure class=\"wp-block-image size-large is-resized\"><img fetchpriority=\"high\" decoding=\"async\" width=\"2560\" height=\"1439\" src=\"https:\/\/acrj.org.br\/wp-content\/uploads\/2026\/03\/mesa-edited-scaled.jpg\" alt=\"\" class=\"wp-image-41970\" style=\"width:500px\" srcset=\"https:\/\/acrj.org.br\/wp-content\/uploads\/2026\/03\/mesa-edited-scaled.jpg 2560w, https:\/\/acrj.org.br\/wp-content\/uploads\/2026\/03\/mesa-edited-300x169.jpg 300w, https:\/\/acrj.org.br\/wp-content\/uploads\/2026\/03\/mesa-edited-1024x576.jpg 1024w, https:\/\/acrj.org.br\/wp-content\/uploads\/2026\/03\/mesa-edited-768x432.jpg 768w, https:\/\/acrj.org.br\/wp-content\/uploads\/2026\/03\/mesa-edited-1536x863.jpg 1536w, https:\/\/acrj.org.br\/wp-content\/uploads\/2026\/03\/mesa-edited-2048x1151.jpg 2048w\" sizes=\"(max-width: 2560px) 100vw, 2560px\" \/><figcaption class=\"wp-element-caption\"><em>Larissa Mafra, Marco Bouhid, Roberto Godinho, Ma\u00edra Pimentel, <br>Juedir Teixeira e Antonio Lucio<\/em><\/figcaption><\/figure>\n\n\n\n<p>Para Marco Antonio Bouhid, o problema tamb\u00e9m est\u00e1 na falha de conex\u00e3o entre as expectativas das novas gera\u00e7\u00f5es e o modelo tradicional do varejo. Ele apontou que, globalmente, a solu\u00e7\u00e3o tem passado por grandes investimentos em tecnologia e automa\u00e7\u00e3o para suprir essa escassez.<br>Antonio Lucio ressaltou que a rigidez do arcabou\u00e7o jur\u00eddico brasileiro \u00e9 outra quest\u00e3o a ser discutida e que impede modelos de trabalho mais flex\u00edveis. Ele ainda pontuou que a competi\u00e7\u00e3o atual \u00e9 pelo &#8220;tempo de aten\u00e7\u00e3o&#8221; do cliente e que pr\u00e1ticas de sustentabilidade e governan\u00e7a (ESG) tornaram-se requisitos b\u00e1sicos para o varejo.<\/p>\n\n\n\n<p>Os participantes tamb\u00e9m enfatizaram que a tecnologia n\u00e3o \u00e9 mais um diferencial, mas a base da competitividade e sobreviv\u00eancia das empresas atualmente. A vice do Conselho, Ma\u00edra Pimentel, destacou que um dos grandes desafios atuais \u00e9 aprimorar a comunica\u00e7\u00e3o e a escuta ativa com a nova gera\u00e7\u00e3o que ingressa no mercado de trabalho. De acordo com ela, esse p\u00fablico, que frequentemente v\u00ea no varejo sua primeira oportunidade profissional, n\u00e3o se adapta mais aos modelos tradicionais, como a escala 6&#215;1, por exemplo. &#8220;\u00c9 fundamental que o varejo se atualize e compreenda as mudan\u00e7as comportamentais para manter sua atratividade e seu papel social relevante&#8221;, ressaltou.<\/p>\n\n\n\n<p>Juedir Teixeira falou sobre sua participa\u00e7\u00e3o e os insights da maior feira de Varejo do mundo, a NFR, realizada em janeiro deste ano em Nova Iorque, e lembrou a import\u00e2ncia do uso inteligente da estrat\u00e9gia de neg\u00f3cios focada no cliente para antecipar desejos e personalizar ofertas. \u201cN\u00e3o basta ter os dados; \u00e9 preciso gerar insights que antecipem o desejo do cliente. A efici\u00eancia operacional hoje passa obrigatoriamente pela digitaliza\u00e7\u00e3o dos processos internos\u201d, enfatizou.<\/p>\n\n\n\n<p>Ao encerrar o debate, Roberto Godinho destacou a import\u00e2ncia de abordar este tema ao unir a an\u00e1lise das &#8220;dores&#8221; internas (gest\u00e3o de talentos) com as &#8220;dores&#8221; externas (experi\u00eancia do cliente). \u201cCom esta discuss\u00e3o, nosso Conselho reafirma seu compromisso em guiar o empresariado atrav\u00e9s das complexidades do futuro do trabalho\u201d, finalizou.<\/p>\n\n\n\n<figure class=\"wp-block-image size-large is-resized\"><img decoding=\"async\" width=\"1024\" height=\"518\" src=\"https:\/\/acrj.org.br\/wp-content\/uploads\/2026\/03\/auditorio-1024x518.jpg\" alt=\"\" class=\"wp-image-42027\" style=\"width:500px\" srcset=\"https:\/\/acrj.org.br\/wp-content\/uploads\/2026\/03\/auditorio-1024x518.jpg 1024w, https:\/\/acrj.org.br\/wp-content\/uploads\/2026\/03\/auditorio-300x152.jpg 300w, https:\/\/acrj.org.br\/wp-content\/uploads\/2026\/03\/auditorio-768x389.jpg 768w, https:\/\/acrj.org.br\/wp-content\/uploads\/2026\/03\/auditorio-1536x777.jpg 1536w, https:\/\/acrj.org.br\/wp-content\/uploads\/2026\/03\/auditorio-2048x1036.jpg 2048w\" sizes=\"(max-width: 1024px) 100vw, 1024px\" \/><\/figure>\n","protected":false},"excerpt":{"rendered":"<p>O Conselho Empresarial de Desenvolvimento Humano e Educa\u00e7\u00e3o Corporativa da ACRJ promoveu um debate essencial sobre as transforma\u00e7\u00f5es que moldam o setor varejista.<\/p>\n","protected":false},"author":3,"featured_media":41968,"comment_status":"closed","ping_status":"closed","sticky":false,"template":"","format":"standard","meta":{"_exactmetrics_skip_tracking":false,"_exactmetrics_sitenote_active":false,"_exactmetrics_sitenote_note":"","_exactmetrics_sitenote_category":0,"footnotes":""},"categories":[56,10],"tags":[],"class_list":["post-41964","post","type-post","status-publish","format-standard","has-post-thumbnail","hentry","category-destaque_conselhos","category-noticias"],"_links":{"self":[{"href":"https:\/\/acrj.org.br\/index.php\/wp-json\/wp\/v2\/posts\/41964","targetHints":{"allow":["GET"]}}],"collection":[{"href":"https:\/\/acrj.org.br\/index.php\/wp-json\/wp\/v2\/posts"}],"about":[{"href":"https:\/\/acrj.org.br\/index.php\/wp-json\/wp\/v2\/types\/post"}],"author":[{"embeddable":true,"href":"https:\/\/acrj.org.br\/index.php\/wp-json\/wp\/v2\/users\/3"}],"replies":[{"embeddable":true,"href":"https:\/\/acrj.org.br\/index.php\/wp-json\/wp\/v2\/comments?post=41964"}],"version-history":[{"count":7,"href":"https:\/\/acrj.org.br\/index.php\/wp-json\/wp\/v2\/posts\/41964\/revisions"}],"predecessor-version":[{"id":42141,"href":"https:\/\/acrj.org.br\/index.php\/wp-json\/wp\/v2\/posts\/41964\/revisions\/42141"}],"wp:featuredmedia":[{"embeddable":true,"href":"https:\/\/acrj.org.br\/index.php\/wp-json\/wp\/v2\/media\/41968"}],"wp:attachment":[{"href":"https:\/\/acrj.org.br\/index.php\/wp-json\/wp\/v2\/media?parent=41964"}],"wp:term":[{"taxonomy":"category","embeddable":true,"href":"https:\/\/acrj.org.br\/index.php\/wp-json\/wp\/v2\/categories?post=41964"},{"taxonomy":"post_tag","embeddable":true,"href":"https:\/\/acrj.org.br\/index.php\/wp-json\/wp\/v2\/tags?post=41964"}],"curies":[{"name":"wp","href":"https:\/\/api.w.org\/{rel}","templated":true}]}}