{"id":4185,"date":"2020-05-15T13:02:21","date_gmt":"2020-05-15T16:02:21","guid":{"rendered":"http:\/\/acrj.org.br\/?p=4185"},"modified":"2020-05-19T15:40:45","modified_gmt":"2020-05-19T18:40:45","slug":"acrj-apresenta-propostas-de-protocolos-para-saida-da-pandemia","status":"publish","type":"post","link":"https:\/\/acrj.org.br\/index.php\/2020\/05\/15\/acrj-apresenta-propostas-de-protocolos-para-saida-da-pandemia\/","title":{"rendered":"ACRJ apresenta propostas de protocolos para sa\u00edda da pandemia"},"content":{"rendered":"\n<p>O Conselho Empresarial de Inova\u00e7\u00e3o, Comunica\u00e7\u00e3o e Tecnologia da ACRJ j\u00e1 pensa na cria\u00e7\u00e3o de um novo conjunto de propostas que determinem protocolos de sa\u00edda para a pandemia da Covid-19. Em reuni\u00e3o realizada nesta quinta-feira, 14 de maio, os participantes discutiram a nova iniciativa, que ser\u00e3o anexadas ao documento apresentado no \u00faltimo encontro do Conselho sobre os efeitos socioecon\u00f4micos causados pela crise.<\/p>\n\n\n\n<p>\u201cPrecisamos encontrar formas para a retomada da economia. Temos uma miss\u00e3o importante. Ap\u00f3s o 11 de setembro muita gente achou que turismo por viagem a\u00e9rea ia acabar. Foi um per\u00edodo complicado, mas as coisas voltaram ao normal. Estamos num desses momentos. Um momento de criar protocolos e regras para a retomada\u201d, afirmou o presidente do Conselho, Alberto Blois.<\/p>\n","protected":false},"excerpt":{"rendered":"<p>O Conselho Empresarial de Inova\u00e7\u00e3o, Comunica\u00e7\u00e3o e Tecnologia da ACRJ j\u00e1 pensa na cria\u00e7\u00e3o de um novo conjunto de propostas que determinem protocolos de sa\u00edda&hellip;<\/p>\n","protected":false},"author":3,"featured_media":4186,"comment_status":"closed","ping_status":"open","sticky":false,"template":"","format":"standard","meta":{"_exactmetrics_skip_tracking":false,"_exactmetrics_sitenote_active":false,"_exactmetrics_sitenote_note":"","_exactmetrics_sitenote_category":0,"footnotes":""},"categories":[6],"tags":[],"class_list":["post-4185","post","type-post","status-publish","format-standard","has-post-thumbnail","hentry","category-destaque_noticias"],"_links":{"self":[{"href":"https:\/\/acrj.org.br\/index.php\/wp-json\/wp\/v2\/posts\/4185","targetHints":{"allow":["GET"]}}],"collection":[{"href":"https:\/\/acrj.org.br\/index.php\/wp-json\/wp\/v2\/posts"}],"about":[{"href":"https:\/\/acrj.org.br\/index.php\/wp-json\/wp\/v2\/types\/post"}],"author":[{"embeddable":true,"href":"https:\/\/acrj.org.br\/index.php\/wp-json\/wp\/v2\/users\/3"}],"replies":[{"embeddable":true,"href":"https:\/\/acrj.org.br\/index.php\/wp-json\/wp\/v2\/comments?post=4185"}],"version-history":[{"count":0,"href":"https:\/\/acrj.org.br\/index.php\/wp-json\/wp\/v2\/posts\/4185\/revisions"}],"wp:featuredmedia":[{"embeddable":true,"href":"https:\/\/acrj.org.br\/index.php\/wp-json\/wp\/v2\/media\/4186"}],"wp:attachment":[{"href":"https:\/\/acrj.org.br\/index.php\/wp-json\/wp\/v2\/media?parent=4185"}],"wp:term":[{"taxonomy":"category","embeddable":true,"href":"https:\/\/acrj.org.br\/index.php\/wp-json\/wp\/v2\/categories?post=4185"},{"taxonomy":"post_tag","embeddable":true,"href":"https:\/\/acrj.org.br\/index.php\/wp-json\/wp\/v2\/tags?post=4185"}],"curies":[{"name":"wp","href":"https:\/\/api.w.org\/{rel}","templated":true}]}}