{"id":4175,"date":"2020-05-14T13:25:10","date_gmt":"2020-05-14T16:25:10","guid":{"rendered":"http:\/\/acrj.org.br\/?p=4175"},"modified":"2020-05-14T13:25:10","modified_gmt":"2020-05-14T16:25:10","slug":"corrente-de-solidariedade-para-o-retiro-dos-artistas","status":"publish","type":"post","link":"https:\/\/acrj.org.br\/index.php\/2020\/05\/14\/corrente-de-solidariedade-para-o-retiro-dos-artistas\/","title":{"rendered":"Corrente de solidariedade para o Retiro dos Artistas"},"content":{"rendered":"\n<p>A ACRJ entra nessa corrente e pede apoio ao Retiro dos Artistas, que tem 101 anos de exist\u00eancia e precisa muito de doa\u00e7\u00f5es. S\u00e3o 52 artistas, todos em situa\u00e7\u00e3o de vulnerabilidade, como atores, m\u00fasicos, profissionais do circo e at\u00e9 o grande goleiro Manga, o primeiro atleta de futebol a ser acolhido na institui\u00e7\u00e3o.<\/p>\n\n\n\n<p>A campanha foi proposta por Lucy Barreto, do Conselho Empresarial de Assuntos Culturais, e apoiada por outros conselheiros da ACRJ.<\/p>\n\n\n\n<p>No Retiro dos Artistas s\u00e3o oferecidas seis refei\u00e7\u00f5es di\u00e1rias, atendimento m\u00e9dico, enfermagem, fisioterapia, acompanhamento nutricional e outras iniciativas. Vamos ajudar, doando qualquer quantia.<br>BANCO BRADESCO<\/p>\n\n\n\n<p>AG: 2957-2<br>Cc: 4343-5<br>FAVORECIDO: CASA DOS ARTISTAS<br>CNPJ: 39.140.264\/0001-86<\/p>\n","protected":false},"excerpt":{"rendered":"<p>A ACRJ entra nessa corrente e pede apoio ao Retiro dos Artistas, que tem 101 anos de exist\u00eancia e precisa muito de doa\u00e7\u00f5es. S\u00e3o 52&hellip;<\/p>\n","protected":false},"author":3,"featured_media":4176,"comment_status":"closed","ping_status":"open","sticky":false,"template":"","format":"standard","meta":{"_exactmetrics_skip_tracking":false,"_exactmetrics_sitenote_active":false,"_exactmetrics_sitenote_note":"","_exactmetrics_sitenote_category":0,"footnotes":""},"categories":[10],"tags":[],"class_list":["post-4175","post","type-post","status-publish","format-standard","has-post-thumbnail","hentry","category-noticias"],"_links":{"self":[{"href":"https:\/\/acrj.org.br\/index.php\/wp-json\/wp\/v2\/posts\/4175","targetHints":{"allow":["GET"]}}],"collection":[{"href":"https:\/\/acrj.org.br\/index.php\/wp-json\/wp\/v2\/posts"}],"about":[{"href":"https:\/\/acrj.org.br\/index.php\/wp-json\/wp\/v2\/types\/post"}],"author":[{"embeddable":true,"href":"https:\/\/acrj.org.br\/index.php\/wp-json\/wp\/v2\/users\/3"}],"replies":[{"embeddable":true,"href":"https:\/\/acrj.org.br\/index.php\/wp-json\/wp\/v2\/comments?post=4175"}],"version-history":[{"count":0,"href":"https:\/\/acrj.org.br\/index.php\/wp-json\/wp\/v2\/posts\/4175\/revisions"}],"wp:featuredmedia":[{"embeddable":true,"href":"https:\/\/acrj.org.br\/index.php\/wp-json\/wp\/v2\/media\/4176"}],"wp:attachment":[{"href":"https:\/\/acrj.org.br\/index.php\/wp-json\/wp\/v2\/media?parent=4175"}],"wp:term":[{"taxonomy":"category","embeddable":true,"href":"https:\/\/acrj.org.br\/index.php\/wp-json\/wp\/v2\/categories?post=4175"},{"taxonomy":"post_tag","embeddable":true,"href":"https:\/\/acrj.org.br\/index.php\/wp-json\/wp\/v2\/tags?post=4175"}],"curies":[{"name":"wp","href":"https:\/\/api.w.org\/{rel}","templated":true}]}}