{"id":4156,"date":"2020-05-05T15:28:03","date_gmt":"2020-05-05T18:28:03","guid":{"rendered":"http:\/\/acrj.org.br\/?p=4156"},"modified":"2020-05-05T18:59:29","modified_gmt":"2020-05-05T21:59:29","slug":"consumo-de-energia-teve-queda-de-19-desde-o-inicio-da-pandemia-no-brasil","status":"publish","type":"post","link":"https:\/\/acrj.org.br\/index.php\/2020\/05\/05\/consumo-de-energia-teve-queda-de-19-desde-o-inicio-da-pandemia-no-brasil\/","title":{"rendered":"Consumo de energia teve queda de 19% desde o in\u00edcio da pandemia no Brasil"},"content":{"rendered":"\n<p>O consumo de energia el\u00e9trica apresentou uma queda progressiva, desde que foram intensificadas as medidas de combate a Covid-19, chegando em m\u00e9dia a 19% na semana de 11 a 17 de abril em todo pa\u00eds, de acordo com dados da C\u00e2mara de Comercializa\u00e7\u00e3o de Energia El\u00e9trica &#8211; CCEE. No Ambiente de Contrata\u00e7\u00e3o Livre (ACL), ou seja, mercado livre de comercializa\u00e7\u00e3o de energia, a retra\u00e7\u00e3o foi de 23%. No Ambiente de Contrata\u00e7\u00e3o Regular (ACR), que trata do mercado de compra e venda regulado e que precisam de licita\u00e7\u00e3o, salvo em casos previstos em lei, chegou a 18%.<\/p>\n\n\n\n<p>O relat\u00f3rio de acompanhamento semanal do impacto do coronav\u00edrus elaborado pela CCEE foi discutido pela presidente do Conselho Empresarial de Energia da ACRJ, Joisa Dutra, durante a primeira reuni\u00e3o virtual com os conselheiros da Associa\u00e7\u00e3o Comercial. O levantamento levou em conta o per\u00edodo de 21 de mar\u00e7o at\u00e9 o dia 17 de abril.<\/p>\n\n\n\n<p>De acordo com a avalia\u00e7\u00e3o do consumo semanal no Sistema Interligado Nacional (SIN), a redu\u00e7\u00e3o total no Brasil foi de 14%, sendo composta por 13% foi ACR e 18% no ACL. O registro comparou o per\u00edodo antes e depois das medidas governamentais de conten\u00e7\u00e3o a Covid-19.<\/p>\n\n\n\n<p>Pelo estudo da CCEE, os setores mais impactados foram os de ve\u00edculos (65% de queda no consumo), t\u00eaxteis (49%), servi\u00e7os (37%), manufaturados (34%), minerais n\u00e3o met\u00e1licos (23%) e o com\u00e9rcio (16%). Esses segmentos representavam 38% do consumo no mercado livre de energia, mas ap\u00f3s as iniciativas de combate ao v\u00edrus passou para 31%.<\/p>\n\n\n\n<p>Na varia\u00e7\u00e3o de consumo dos cinco estados com as maiores m\u00e9dias, o Rio de Janeiro teve uma retra\u00e7\u00e3o de 13%, ficando na quarta posi\u00e7\u00e3o, abaixo do Rio Grande do Sul (30%), Paran\u00e1 (18%) e S\u00e3o Paulo (17%) e acima de Minas Gerais (8%). A participa\u00e7\u00e3o do Rio de Janeiro no mercado de energia do pa\u00eds corresponde a 9%.<\/p>\n\n\n\n<p>Joisa Dutra comentou, contudo, que esses dados precisam considerar que parte dessa retra\u00e7\u00e3o de consumo se deve a efeitos sazonais, como o clima mais ameno do outono comparativamente ao ver\u00e3o. Ademais, o per\u00edodo recente contou com grande n\u00famero de feriados. Uma an\u00e1lise que filtre para esses efeitos revela que o impacto da Covid-19 sobre a retra\u00e7\u00e3o do consumo de eletricidade \u00e9 menor do que os n\u00fameros apresentados pela CCEE.<\/p>\n","protected":false},"excerpt":{"rendered":"<p>O consumo de energia el\u00e9trica apresentou uma queda progressiva, desde que foram intensificadas as medidas de combate a Covid-19, chegando em m\u00e9dia a 19% na&hellip;<\/p>\n","protected":false},"author":3,"featured_media":4157,"comment_status":"closed","ping_status":"open","sticky":false,"template":"","format":"standard","meta":{"_exactmetrics_skip_tracking":false,"_exactmetrics_sitenote_active":false,"_exactmetrics_sitenote_note":"","_exactmetrics_sitenote_category":0,"footnotes":""},"categories":[10],"tags":[],"class_list":["post-4156","post","type-post","status-publish","format-standard","has-post-thumbnail","hentry","category-noticias"],"_links":{"self":[{"href":"https:\/\/acrj.org.br\/index.php\/wp-json\/wp\/v2\/posts\/4156","targetHints":{"allow":["GET"]}}],"collection":[{"href":"https:\/\/acrj.org.br\/index.php\/wp-json\/wp\/v2\/posts"}],"about":[{"href":"https:\/\/acrj.org.br\/index.php\/wp-json\/wp\/v2\/types\/post"}],"author":[{"embeddable":true,"href":"https:\/\/acrj.org.br\/index.php\/wp-json\/wp\/v2\/users\/3"}],"replies":[{"embeddable":true,"href":"https:\/\/acrj.org.br\/index.php\/wp-json\/wp\/v2\/comments?post=4156"}],"version-history":[{"count":0,"href":"https:\/\/acrj.org.br\/index.php\/wp-json\/wp\/v2\/posts\/4156\/revisions"}],"wp:featuredmedia":[{"embeddable":true,"href":"https:\/\/acrj.org.br\/index.php\/wp-json\/wp\/v2\/media\/4157"}],"wp:attachment":[{"href":"https:\/\/acrj.org.br\/index.php\/wp-json\/wp\/v2\/media?parent=4156"}],"wp:term":[{"taxonomy":"category","embeddable":true,"href":"https:\/\/acrj.org.br\/index.php\/wp-json\/wp\/v2\/categories?post=4156"},{"taxonomy":"post_tag","embeddable":true,"href":"https:\/\/acrj.org.br\/index.php\/wp-json\/wp\/v2\/tags?post=4156"}],"curies":[{"name":"wp","href":"https:\/\/api.w.org\/{rel}","templated":true}]}}