{"id":41451,"date":"2026-01-28T10:55:30","date_gmt":"2026-01-28T13:55:30","guid":{"rendered":"https:\/\/acrj.org.br\/?p=41451"},"modified":"2026-04-07T12:44:46","modified_gmt":"2026-04-07T15:44:46","slug":"uma-copacabana-inteligente-o-rio-precisa-ter","status":"publish","type":"post","link":"https:\/\/acrj.org.br\/index.php\/2026\/01\/28\/uma-copacabana-inteligente-o-rio-precisa-ter\/","title":{"rendered":"Uma Copacabana Inteligente: O Rio precisa ter!"},"content":{"rendered":"\n<p>Por Josier Vilar \u2013 presidente da Associa\u00e7\u00e3o Comercial do Rio de Janeiro. Artigo publicado no Jornal O Dia<\/p>\n\n\n\n<p>Poucos lugares no mundo s\u00e3o t\u00e3o imediatamente reconhec\u00edveis quanto Copacabana. Sua praia emblem\u00e1tica, seu cal\u00e7ad\u00e3o ic\u00f4nico, sua hist\u00f3ria cultural e a voca\u00e7\u00e3o cosmopolita transformaram o bairro em uma vitrine internacional do Rio de Janeiro.<\/p>\n\n\n\n<p>Justamente por isso, Copacabana n\u00e3o pode se permitir conviver com solu\u00e7\u00f5es urbanas improvisadas ou intermitentes.<\/p>\n\n\n\n<p>O desafio \u00e9 claro e urgente: transformar Copacabana em um bairro inteligente, funcional e seguro, capaz de operar plenamente 24 horas por dia, sete dias por semana, \u00e0 altura de sua relev\u00e2ncia global, e ser objeto de desejo para se viver e visitar.<\/p>\n\n\n\n<p>Copacabana re\u00fane caracter\u00edsticas singulares. \u00c9 um dos bairros mais densamente povoados do pa\u00eds, com uma expressiva popula\u00e7\u00e3o de idosos que depende de acessibilidade, servi\u00e7os p\u00fablicos eficientes e sensa\u00e7\u00e3o permanente de seguran\u00e7a.<\/p>\n\n\n\n<p>Ao mesmo tempo, recebe milh\u00f5es de turistas todos os anos, que circulam pelo bairro em hor\u00e1rios diversos, movimentando com\u00e9rcio, servi\u00e7os, lazer e mobilidade urbana.<\/p>\n\n\n\n<p>Essa combina\u00e7\u00e3o exige um novo paradigma de gest\u00e3o. Um bairro com essa complexidade n\u00e3o pode \u201cfuncionar\u201d apenas em hor\u00e1rios comerciais ou depender de a\u00e7\u00f5es espor\u00e1dicas do poder p\u00fablico. Precisa de planejamento, presen\u00e7a cont\u00ednua do Estado e uso inteligente da tecnologia.<\/p>\n\n\n\n<p>A mobilidade deve ser orientada pela acessibilidade: sinaliza\u00e7\u00e3o clara, placas tril\u00edngues, sinais de tr\u00e2nsito inteligentes, tempos semaf\u00f3ricos ajustados ao fluxo real de ve\u00edculos e pedestres, travessias seguras e cal\u00e7adas niveladas, bem iluminadas e desobstru\u00eddas.<\/p>\n\n\n\n<p>Em um bairro de intenso fluxo de pessoas, a cal\u00e7ada \u00e9 t\u00e3o estrat\u00e9gica quanto a rua.<\/p>\n\n\n\n<p>Cal\u00e7adas degradadas ou ocupadas de forma desordenada afastam moradores, inibem turistas e enfraquecem o com\u00e9rcio local. N\u00e3o s\u00e3o detalhes urbanos: s\u00e3o fatores decisivos de qualidade de vida, seguran\u00e7a, desenvolvimento econ\u00f4mico e cidadania.<\/p>\n\n\n\n<p>Um bairro global n\u00e3o pode conviver com servi\u00e7os p\u00fablicos intermitentes. Ilumina\u00e7\u00e3o, limpeza urbana, ordenamento do espa\u00e7o, transporte e atendimento ao cidad\u00e3o precisam operar de maneira cont\u00ednua.<\/p>\n\n\n\n<p>Copacabana n\u00e3o fecha \u00e0 noite \u2014 o poder p\u00fablico tamb\u00e9m n\u00e3o pode se ausentar.<\/p>\n\n\n\n<p>N\u00e3o h\u00e1 vitalidade urbana sem sensa\u00e7\u00e3o de seguran\u00e7a. Mais do que a\u00e7\u00f5es pontuais, o bairro precisa de presen\u00e7a permanente, vis\u00edvel e integrada das for\u00e7as de seguran\u00e7a, associada ao enfrentamento firme da desordem urbana. Isso cria confian\u00e7a, atrai investimentos e devolve o espa\u00e7o p\u00fablico aos cidad\u00e3os.<\/p>\n\n\n\n<p>Quando a cidade funciona, o com\u00e9rcio reage. Lojas permanecem abertas, servi\u00e7os se instalam, bares e restaurantes se qualificam, atividades culturais e financeiras florescem.<\/p>\n\n\n\n<p>O resultado \u00e9 emprego, renda, movimento e mais seguran\u00e7a natural nas ruas.<\/p>\n\n\n\n<p>Transformar Copacabana em um bairro inteligente \u00e9, acima de tudo, uma escolha de futuro: um futuro em que moradores se sintam protegidos, idosos respeitados, turistas bem recebidos, investidores e jovens empreendedores estimulados e que o espa\u00e7o p\u00fablico volte a ser sin\u00f4nimo de conviv\u00eancia, vitalidade e orgulho carioca.<\/p>\n\n\n\n<p>Artigo publicado no <strong><a href=\"https:\/\/share.google\/NIoeureXHtF4cA52z\"><mark style=\"background-color:rgba(0, 0, 0, 0)\" class=\"has-inline-color has-vivid-cyan-blue-color\">Jornal O Dia<\/mark><\/a><\/strong><\/p>\n\n\n\n<figure class=\"wp-block-image size-full is-resized\"><img fetchpriority=\"high\" decoding=\"async\" width=\"1000\" height=\"1000\" src=\"https:\/\/acrj.org.br\/wp-content\/uploads\/2025\/11\/josier-vilar2.png\" alt=\"\" class=\"wp-image-40060\" style=\"width:500px\" srcset=\"https:\/\/acrj.org.br\/wp-content\/uploads\/2025\/11\/josier-vilar2.png 1000w, https:\/\/acrj.org.br\/wp-content\/uploads\/2025\/11\/josier-vilar2-300x300.png 300w, https:\/\/acrj.org.br\/wp-content\/uploads\/2025\/11\/josier-vilar2-150x150.png 150w, https:\/\/acrj.org.br\/wp-content\/uploads\/2025\/11\/josier-vilar2-768x768.png 768w\" sizes=\"(max-width: 1000px) 100vw, 1000px\" \/><figcaption class=\"wp-element-caption\"><em>Josier Vilar<\/em><\/figcaption><\/figure>\n","protected":false},"excerpt":{"rendered":"<p>Por Josier Vilar \u2013 presidente da Associa\u00e7\u00e3o Comercial do Rio de Janeiro. Artigo publicado no Jornal O Dia.<br \/>\n28\/01\/2026<\/p>\n","protected":false},"author":3,"featured_media":41452,"comment_status":"closed","ping_status":"closed","sticky":false,"template":"","format":"standard","meta":{"_exactmetrics_skip_tracking":false,"_exactmetrics_sitenote_active":false,"_exactmetrics_sitenote_note":"","_exactmetrics_sitenote_category":0,"footnotes":""},"categories":[12,79],"tags":[],"class_list":["post-41451","post","type-post","status-publish","format-standard","has-post-thumbnail","hentry","category-artigos","category-fala_presidente"],"_links":{"self":[{"href":"https:\/\/acrj.org.br\/index.php\/wp-json\/wp\/v2\/posts\/41451","targetHints":{"allow":["GET"]}}],"collection":[{"href":"https:\/\/acrj.org.br\/index.php\/wp-json\/wp\/v2\/posts"}],"about":[{"href":"https:\/\/acrj.org.br\/index.php\/wp-json\/wp\/v2\/types\/post"}],"author":[{"embeddable":true,"href":"https:\/\/acrj.org.br\/index.php\/wp-json\/wp\/v2\/users\/3"}],"replies":[{"embeddable":true,"href":"https:\/\/acrj.org.br\/index.php\/wp-json\/wp\/v2\/comments?post=41451"}],"version-history":[{"count":4,"href":"https:\/\/acrj.org.br\/index.php\/wp-json\/wp\/v2\/posts\/41451\/revisions"}],"predecessor-version":[{"id":42570,"href":"https:\/\/acrj.org.br\/index.php\/wp-json\/wp\/v2\/posts\/41451\/revisions\/42570"}],"wp:featuredmedia":[{"embeddable":true,"href":"https:\/\/acrj.org.br\/index.php\/wp-json\/wp\/v2\/media\/41452"}],"wp:attachment":[{"href":"https:\/\/acrj.org.br\/index.php\/wp-json\/wp\/v2\/media?parent=41451"}],"wp:term":[{"taxonomy":"category","embeddable":true,"href":"https:\/\/acrj.org.br\/index.php\/wp-json\/wp\/v2\/categories?post=41451"},{"taxonomy":"post_tag","embeddable":true,"href":"https:\/\/acrj.org.br\/index.php\/wp-json\/wp\/v2\/tags?post=41451"}],"curies":[{"name":"wp","href":"https:\/\/api.w.org\/{rel}","templated":true}]}}