{"id":4143,"date":"2020-04-25T09:40:00","date_gmt":"2020-04-25T12:40:00","guid":{"rendered":"http:\/\/acrj.org.br\/?p=4143"},"modified":"2024-07-12T16:35:21","modified_gmt":"2024-07-12T19:35:21","slug":"conselho-de-inovacao-vai-apresentar-propostas-para-recuperacao-socioeconomica-pos-pandemia","status":"publish","type":"post","link":"https:\/\/acrj.org.br\/index.php\/2020\/04\/25\/conselho-de-inovacao-vai-apresentar-propostas-para-recuperacao-socioeconomica-pos-pandemia\/","title":{"rendered":"Conselho de Inova\u00e7\u00e3o vai apresentar propostas para recupera\u00e7\u00e3o socioecon\u00f4mica p\u00f3s pandemia"},"content":{"rendered":"\n<p>Diante da pandemia do novo coronav\u00edrus, o Conselho Empresarial de Inova\u00e7\u00e3o, Comunica\u00e7\u00e3o e Tecnologia da ACRJ est\u00e1 elaborando um documento com propostas que devem contribuir para a reconstru\u00e7\u00e3o necess\u00e1ria ap\u00f3s a retomada das atividades. O documento prev\u00ea o uso intenso de tecnologia, inova\u00e7\u00e3o e criatividade para enfrentar os efeitos socioecon\u00f4micos causados pela crise.<\/p>\n\n\n\n<p>O assunto foi debatido na reuni\u00e3o virtual realizada pelo Conselho, dia 30 de abril, e contou com a participa\u00e7\u00e3o do presidente do Conselho de Governan\u00e7a e Compliance da ACRJ, Humberto Mota Filho. Para o presidente do Conselho, Alberto Blois, o documento ser\u00e1 um legado deixado pela ACRJ. \u201cEsse documento ser\u00e1 um marco, para que em breve possamos analisar o que ficou dessa \u00e9poca, o que pode ser aproveitado e qual ser\u00e1 essa nova realidade que vem pela frente e como devemos nos preparar\u201d, afirmou.<\/p>\n\n\n\n<p>Humberto Mota Filho apresentou um conjunto de medidas a serem aplicadas para o enfrentamento da crise. \u201cAtualmente, os pequenos e m\u00e9dios empres\u00e1rios reconhecem a necessidade de entrar no mercado digital, mas n\u00e3o possuem estrutura para tal. A ideia \u00e9 estabelecer apoio para estas iniciativas\u201d, disse.<\/p>\n\n\n\n<p>A vers\u00e3o final do documento ser\u00e1 apresentado na 2\u00aa quinzena de maio para a diretoria da ACRJ e ter\u00e1 propostas para diversas \u00e1reas aproveitando a transversalidade do uso da tecnologia.<\/p>\n","protected":false},"excerpt":{"rendered":"<p>Diante da pandemia do novo coronav\u00edrus, o Conselho Empresarial de Inova\u00e7\u00e3o, Comunica\u00e7\u00e3o e Tecnologia da ACRJ est\u00e1 elaborando um documento com propostas que devem contribuir&hellip;<\/p>\n","protected":false},"author":3,"featured_media":4144,"comment_status":"closed","ping_status":"closed","sticky":false,"template":"","format":"standard","meta":{"_exactmetrics_skip_tracking":false,"_exactmetrics_sitenote_active":false,"_exactmetrics_sitenote_note":"","_exactmetrics_sitenote_category":0,"footnotes":""},"categories":[10],"tags":[],"class_list":["post-4143","post","type-post","status-publish","format-standard","has-post-thumbnail","hentry","category-noticias"],"_links":{"self":[{"href":"https:\/\/acrj.org.br\/index.php\/wp-json\/wp\/v2\/posts\/4143","targetHints":{"allow":["GET"]}}],"collection":[{"href":"https:\/\/acrj.org.br\/index.php\/wp-json\/wp\/v2\/posts"}],"about":[{"href":"https:\/\/acrj.org.br\/index.php\/wp-json\/wp\/v2\/types\/post"}],"author":[{"embeddable":true,"href":"https:\/\/acrj.org.br\/index.php\/wp-json\/wp\/v2\/users\/3"}],"replies":[{"embeddable":true,"href":"https:\/\/acrj.org.br\/index.php\/wp-json\/wp\/v2\/comments?post=4143"}],"version-history":[{"count":0,"href":"https:\/\/acrj.org.br\/index.php\/wp-json\/wp\/v2\/posts\/4143\/revisions"}],"wp:featuredmedia":[{"embeddable":true,"href":"https:\/\/acrj.org.br\/index.php\/wp-json\/wp\/v2\/media\/4144"}],"wp:attachment":[{"href":"https:\/\/acrj.org.br\/index.php\/wp-json\/wp\/v2\/media?parent=4143"}],"wp:term":[{"taxonomy":"category","embeddable":true,"href":"https:\/\/acrj.org.br\/index.php\/wp-json\/wp\/v2\/categories?post=4143"},{"taxonomy":"post_tag","embeddable":true,"href":"https:\/\/acrj.org.br\/index.php\/wp-json\/wp\/v2\/tags?post=4143"}],"curies":[{"name":"wp","href":"https:\/\/api.w.org\/{rel}","templated":true}]}}